{"id":45755,"date":"2017-08-06T14:04:12","date_gmt":"2017-08-06T14:04:12","guid":{"rendered":"http:\/\/plazajuarez.mx\/index\/index.php\/2017\/08\/06\/toluca-quiere-frenar-paso-rojinegro\/"},"modified":"2017-08-06T14:04:12","modified_gmt":"2017-08-06T14:04:12","slug":"toluca-quiere-frenar-paso-rojinegro","status":"publish","type":"post","link":"https:\/\/plazajuarez.mx\/historico\/toluca-quiere-frenar-paso-rojinegro\/","title":{"rendered":"Toluca quiere frenar paso rojinegro"},"content":{"rendered":"<p>#JORNADA DOMINICAL<br \/>\u00a0\u00a0 \u00a0\u2022\u00a0\u00a0 \u00a0El conjunto mexiquense suma cuatro unidades en la campa\u00f1a, luego de que en su debut igualaron a cero con Chivas y la semana pasada vencieron a Le\u00f3n (3-1)\u2028<\/p>\n<p>HORARIO<br \/>HOY A LAS 12 HORAS EN EL ESTADIO NEMESIO D\u00cdEZ DE TOLUCA<\/p>\n<p>  <!--more-->  <\/p>\n<p>En terreno mexiquense hay tristeza por la p\u00e9rdida por lesi\u00f3n de su baluarte Alfredo Talavera, sin embargo, en Toluca saben que un equipo grande debe sobreponerse ante cualquier situaci\u00f3n adversa. Hoy, son anfitriones de un Atlas que viene con la motivaci\u00f3n en alto.<br \/>El conjunto mexiquense suma cuatro unidades en la campa\u00f1a, luego de que en su debut igualaron a cero con Chivas y la semana pasada vencieron a Le\u00f3n (3-1). En tanto, los tapat\u00edos piensan en grande, pues han tenido un arranque perfecto de temporada con dos victorias: 2-1 sobre Pumas y 0-3 sobre Le\u00f3n.<br \/>En tierras mexiquenses, el argentino Gabriel Hauche lament\u00f3 la lesi\u00f3n de Alfredo Talavera y espera una pronta recuperaci\u00f3n del arquero, pero reconoce la labor de Luis Garc\u00eda defendiendo el arco escarlata, pues eso indica que &#8220;hay gente esperando su oportunidad y que los minutos que jug\u00f3 intent\u00f3 dar lo mejor&#8221;.<br \/>En tanto, en terreno tapat\u00edo el arquero Miguel Fraga reconoce que el grupo est\u00e1 consciente de que este es el comienzo de la campa\u00f1a, por lo que no es momento de bajar la guardia y Atlas debe mantener el paso para alcanzar los objetivos.<br \/>&#8220;Somos muy conscientes de que esto apenas es el comienzo, hay que ser constantes, y cr\u00e9eme que no echamos campanas al vuelo. El equipo respet\u00f3 una base importante del torneo pasado, llegaron jugadores con una calidad impresionante a sumar, sabemos que es un inicio y trabajaremos diario para dar buenos resultados el fin de semana&#8221;, refiri\u00f3 respecto al paso rojinegro.<br \/>Los Diablos reciben a Rojinegros este domingo en punto del mediod\u00eda, en duelo de la Jornada 3 del Apertura 2017.<\/p>\n","protected":false},"excerpt":{"rendered":"<p>#JORNADA DOMINICAL\u00a0\u00a0 \u00a0\u2022\u00a0\u00a0 \u00a0El conjunto mexiquense suma cuatro unidades en la campa\u00f1a, luego de que en su debut igualaron a cero con Chivas y la semana pasada vencieron a Le\u00f3n (3-1)\u2028 HORARIOHOY A LAS 12 HORAS EN EL ESTADIO NEMESIO D\u00cdEZ DE TOLUCA<\/p>\n","protected":false},"author":93,"featured_media":0,"comment_status":"open","ping_status":"open","sticky":false,"template":"","format":"standard","meta":{"footnotes":""},"categories":[39],"tags":[],"class_list":["post-45755","post","type-post","status-publish","format-standard","hentry","category-deportiva"],"_links":{"self":[{"href":"https:\/\/plazajuarez.mx\/historico\/wp-json\/wp\/v2\/posts\/45755","targetHints":{"allow":["GET"]}}],"collection":[{"href":"https:\/\/plazajuarez.mx\/historico\/wp-json\/wp\/v2\/posts"}],"about":[{"href":"https:\/\/plazajuarez.mx\/historico\/wp-json\/wp\/v2\/types\/post"}],"author":[{"embeddable":true,"href":"https:\/\/plazajuarez.mx\/historico\/wp-json\/wp\/v2\/users\/93"}],"replies":[{"embeddable":true,"href":"https:\/\/plazajuarez.mx\/historico\/wp-json\/wp\/v2\/comments?post=45755"}],"version-history":[{"count":0,"href":"https:\/\/plazajuarez.mx\/historico\/wp-json\/wp\/v2\/posts\/45755\/revisions"}],"wp:attachment":[{"href":"https:\/\/plazajuarez.mx\/historico\/wp-json\/wp\/v2\/media?parent=45755"}],"wp:term":[{"taxonomy":"category","embeddable":true,"href":"https:\/\/plazajuarez.mx\/historico\/wp-json\/wp\/v2\/categories?post=45755"},{"taxonomy":"post_tag","embeddable":true,"href":"https:\/\/plazajuarez.mx\/historico\/wp-json\/wp\/v2\/tags?post=45755"}],"curies":[{"name":"wp","href":"https:\/\/api.w.org\/{rel}","templated":true}]}}