{"id":45648,"date":"2017-08-04T05:13:46","date_gmt":"2017-08-04T05:13:46","guid":{"rendered":"http:\/\/plazajuarez.mx\/index\/index.php\/2017\/08\/04\/mejora-fitch-ratings-perspectiva-de-mexico\/"},"modified":"2017-08-04T05:13:46","modified_gmt":"2017-08-04T05:13:46","slug":"mejora-fitch-ratings-perspectiva-de-mexico","status":"publish","type":"post","link":"https:\/\/plazajuarez.mx\/historico\/mejora-fitch-ratings-perspectiva-de-mexico\/","title":{"rendered":"Mejora Fitch Ratings perspectiva de M\u00e9xico"},"content":{"rendered":"<p>La calificadora Fitch Ratings mejor\u00f3 la perspectiva de la calificaci\u00f3n de M\u00e9xico de negativa a estable. &#8220;Refleja una reducci\u00f3n de los riesgos a la baja en las perspectivas de crecimiento del pa\u00eds y una estabilizaci\u00f3n esperada de la carga de la deuda p\u00fablica&#8221;, destac\u00f3.<\/p>\n<p>  <!--more-->  <\/p>\n<p>Con esto, la calificadora confirm\u00f3 las calificaciones de riesgo soberano de largo plazo para M\u00e9xico en moneda extranjera y local en BBB+.<br \/>SHCP DESTACA CAMBIO DE PERSPECTIVA<br \/>La Secretar\u00eda de Hacienda destac\u00f3 que ayer Fitch Ratings increment\u00f3 la perspectiva de las calificaciones de largo plazo de M\u00e9xico al pasarlas de \u201cnegativa\u201d a \u201cestable\u201d.<br \/>Se\u00f1al\u00f3 que con esta acci\u00f3n van dos agencias que han mejorado la perspectiva de la calificaci\u00f3n de riesgo soberano de nuestro pa\u00eds, en las \u00faltimas tres semanas.<\/p>\n","protected":false},"excerpt":{"rendered":"<p>La calificadora Fitch Ratings mejor\u00f3 la perspectiva de la calificaci\u00f3n de M\u00e9xico de negativa a estable. &#8220;Refleja una reducci\u00f3n de los riesgos a la baja en las perspectivas de crecimiento del pa\u00eds y una estabilizaci\u00f3n esperada de la carga de la deuda p\u00fablica&#8221;, destac\u00f3.<\/p>\n","protected":false},"author":93,"featured_media":0,"comment_status":"open","ping_status":"open","sticky":false,"template":"","format":"standard","meta":{"footnotes":""},"categories":[36],"tags":[],"class_list":["post-45648","post","type-post","status-publish","format-standard","hentry","category-nacion"],"_links":{"self":[{"href":"https:\/\/plazajuarez.mx\/historico\/wp-json\/wp\/v2\/posts\/45648","targetHints":{"allow":["GET"]}}],"collection":[{"href":"https:\/\/plazajuarez.mx\/historico\/wp-json\/wp\/v2\/posts"}],"about":[{"href":"https:\/\/plazajuarez.mx\/historico\/wp-json\/wp\/v2\/types\/post"}],"author":[{"embeddable":true,"href":"https:\/\/plazajuarez.mx\/historico\/wp-json\/wp\/v2\/users\/93"}],"replies":[{"embeddable":true,"href":"https:\/\/plazajuarez.mx\/historico\/wp-json\/wp\/v2\/comments?post=45648"}],"version-history":[{"count":0,"href":"https:\/\/plazajuarez.mx\/historico\/wp-json\/wp\/v2\/posts\/45648\/revisions"}],"wp:attachment":[{"href":"https:\/\/plazajuarez.mx\/historico\/wp-json\/wp\/v2\/media?parent=45648"}],"wp:term":[{"taxonomy":"category","embeddable":true,"href":"https:\/\/plazajuarez.mx\/historico\/wp-json\/wp\/v2\/categories?post=45648"},{"taxonomy":"post_tag","embeddable":true,"href":"https:\/\/plazajuarez.mx\/historico\/wp-json\/wp\/v2\/tags?post=45648"}],"curies":[{"name":"wp","href":"https:\/\/api.w.org\/{rel}","templated":true}]}}