{"id":45623,"date":"2017-08-03T05:08:27","date_gmt":"2017-08-03T05:08:27","guid":{"rendered":"http:\/\/plazajuarez.mx\/index\/index.php\/2017\/08\/03\/relacion-con-ejidatarios-del-huixmi-de-amplio-respeto-valdez\/"},"modified":"2017-08-03T05:08:27","modified_gmt":"2017-08-03T05:08:27","slug":"relacion-con-ejidatarios-del-huixmi-de-amplio-respeto-valdez","status":"publish","type":"post","link":"https:\/\/plazajuarez.mx\/historico\/relacion-con-ejidatarios-del-huixmi-de-amplio-respeto-valdez\/","title":{"rendered":"Relaci\u00f3n con ejidatarios del Huixmi de amplio respeto: Valdez"},"content":{"rendered":"<p>\u00a0\u2022\u00a0\u00a0 \u00a0Indic\u00f3 que ya se est\u00e1n haciendo los estudios correspondientes para determinar si la primer celda para tirar desechos puede ser rehabilitada y reutilizada,\u2028<\/p>\n<p>  <!--more-->  <\/p>\n<p>El secretario de Servicios P\u00fablicos Municipales, Joaqu\u00edn Valdez Sandoval, indic\u00f3 que la relaci\u00f3n que se tienen con los ejidatarios del Huixmi, quienes les rentan las celdas en donde se tiran los desechos s\u00f3lidos del municipio, es de amplio respeto y colaboraci\u00f3n.<br \/>\u201cNo hay nada malo, es una relaci\u00f3n de ayuda mutua y comprensi\u00f3n, as\u00ed como de responsabilidad compartida, es cierto que la quinta celda est\u00e1 dando las ultimas, pero con responsabilidad se act\u00faa, as\u00ed como cuidando las observaciones de PROESPA (Procuradur\u00eda Estatal de Protecci\u00f3n al Ambiente) Y SEMARNATH (Secretar\u00eda de Medio Ambiente y Recursos Naturales)\u201d, puntualiz\u00f3.<br \/>De igual manera, indic\u00f3 que ya se est\u00e1n haciendo los estudios correspondientes para determinar si la primer celda para tirar desechos puede ser rehabilitada y reutilizada, \u201cSe est\u00e1n haciendo los estudios correspondientes, si los estudios hechos por un geof\u00edsico indican que estamos en condiciones de abrirla ser\u00e1 una alternativa, pero tendremos que esperar una indicaci\u00f3n\u201d.<br \/>Tambi\u00e9n asegur\u00f3 que llevan a cabo las fumigaciones correspondientes para que no haya insectos en la zona, \u201cLa fumigaci\u00f3n correspondiente se hizo hace tres semanas, y nosotros estamos obligados a hacerlo cada dos meses, est\u00e1 la lleva a cabo una empresa privada que en su momento gan\u00f3 la licitaci\u00f3n correspondiente, en un mes y una semana haremos nuevamente la fumigaci\u00f3n\u201d.<br \/>Finalmente, se\u00f1al\u00f3 que igual han actuado respecto a los perros que se encuentran en la zona, que a veces llegan a formar una jaur\u00eda y representan un peligro para las personas que habitan o circulan por ah\u00ed, \u201ccon respecto a los perros, nosotros cumplimos, de hecho se han llevado m\u00e1s de 30 canes y cachorros, los tenemos y tratamos de cuidarlos como se debe, actuamos responsablemente en su captura, incluso algunos ya se han dado en adopci\u00f3n\u201d.<\/p>\n","protected":false},"excerpt":{"rendered":"<p>\u00a0\u2022\u00a0\u00a0 \u00a0Indic\u00f3 que ya se est\u00e1n haciendo los estudios correspondientes para determinar si la primer celda para tirar desechos puede ser rehabilitada y reutilizada,\u2028<\/p>\n","protected":false},"author":93,"featured_media":0,"comment_status":"open","ping_status":"open","sticky":false,"template":"","format":"standard","meta":{"footnotes":""},"categories":[59],"tags":[],"class_list":["post-45623","post","type-post","status-publish","format-standard","hentry","category-general"],"_links":{"self":[{"href":"https:\/\/plazajuarez.mx\/historico\/wp-json\/wp\/v2\/posts\/45623","targetHints":{"allow":["GET"]}}],"collection":[{"href":"https:\/\/plazajuarez.mx\/historico\/wp-json\/wp\/v2\/posts"}],"about":[{"href":"https:\/\/plazajuarez.mx\/historico\/wp-json\/wp\/v2\/types\/post"}],"author":[{"embeddable":true,"href":"https:\/\/plazajuarez.mx\/historico\/wp-json\/wp\/v2\/users\/93"}],"replies":[{"embeddable":true,"href":"https:\/\/plazajuarez.mx\/historico\/wp-json\/wp\/v2\/comments?post=45623"}],"version-history":[{"count":0,"href":"https:\/\/plazajuarez.mx\/historico\/wp-json\/wp\/v2\/posts\/45623\/revisions"}],"wp:attachment":[{"href":"https:\/\/plazajuarez.mx\/historico\/wp-json\/wp\/v2\/media?parent=45623"}],"wp:term":[{"taxonomy":"category","embeddable":true,"href":"https:\/\/plazajuarez.mx\/historico\/wp-json\/wp\/v2\/categories?post=45623"},{"taxonomy":"post_tag","embeddable":true,"href":"https:\/\/plazajuarez.mx\/historico\/wp-json\/wp\/v2\/tags?post=45623"}],"curies":[{"name":"wp","href":"https:\/\/api.w.org\/{rel}","templated":true}]}}