{"id":45616,"date":"2017-08-03T05:02:28","date_gmt":"2017-08-03T05:02:28","guid":{"rendered":"http:\/\/plazajuarez.mx\/index\/index.php\/2017\/08\/03\/vargas-2-aristegui-0\/"},"modified":"2017-08-03T05:02:28","modified_gmt":"2017-08-03T05:02:28","slug":"vargas-2-aristegui-0","status":"publish","type":"post","link":"https:\/\/plazajuarez.mx\/historico\/vargas-2-aristegui-0\/","title":{"rendered":"Vargas 2-Aristegui 0"},"content":{"rendered":"<p>Bajo Reserva Expr\u00e9s<\/p>\n<p>  <!--more-->  <\/p>\n<p>Nos aseguran que por segunda vez la justicia le dio la raz\u00f3n al empresario Joaqu\u00edn Vargas Guajardo en el litigio que mantiene con la periodista Carmen Aristegui por da\u00f1os al honor.<br \/>La defensa de Vargas dio a conocer que la Primera Sala Civil del Tribunal Superior de Justicia de la Ciudad de M\u00e9xico confirm\u00f3 la sentencia de un juez que determin\u00f3 que Aristegui excedi\u00f3 su libertad de expresi\u00f3n da\u00f1ando los derechos de honor, personalidad y prestigio del presidente de MVS, Joaqu\u00edn Vargas.<br \/>El 28 de octubre de 2016, el Juez 57 Civil conden\u00f3 a la periodista a reparar el da\u00f1o causado en el honor del empresario por medio de la publicaci\u00f3n de un extracto de la sentencia en las futuras ediciones del libro &#8220;La Casa Blanca de Pe\u00f1a Nieto&#8221;, que fue apelada por Aristegui y que ahora es confirmada por los magistrados.<br \/>Do\u00f1a Carmen a\u00fan puede impugnar la resoluci\u00f3n de los magistrados por medio de un juicio de amparo, pero por lo pronto el marcador dice: Vargas 2\u20130 Aristegui, seg\u00fan la defensa del empresario.<\/p>\n","protected":false},"excerpt":{"rendered":"<p>Bajo Reserva Expr\u00e9s<\/p>\n","protected":false},"author":93,"featured_media":0,"comment_status":"open","ping_status":"open","sticky":false,"template":"","format":"standard","meta":{"footnotes":""},"categories":[42],"tags":[],"class_list":["post-45616","post","type-post","status-publish","format-standard","hentry","category-nuestrapalabra"],"_links":{"self":[{"href":"https:\/\/plazajuarez.mx\/historico\/wp-json\/wp\/v2\/posts\/45616","targetHints":{"allow":["GET"]}}],"collection":[{"href":"https:\/\/plazajuarez.mx\/historico\/wp-json\/wp\/v2\/posts"}],"about":[{"href":"https:\/\/plazajuarez.mx\/historico\/wp-json\/wp\/v2\/types\/post"}],"author":[{"embeddable":true,"href":"https:\/\/plazajuarez.mx\/historico\/wp-json\/wp\/v2\/users\/93"}],"replies":[{"embeddable":true,"href":"https:\/\/plazajuarez.mx\/historico\/wp-json\/wp\/v2\/comments?post=45616"}],"version-history":[{"count":0,"href":"https:\/\/plazajuarez.mx\/historico\/wp-json\/wp\/v2\/posts\/45616\/revisions"}],"wp:attachment":[{"href":"https:\/\/plazajuarez.mx\/historico\/wp-json\/wp\/v2\/media?parent=45616"}],"wp:term":[{"taxonomy":"category","embeddable":true,"href":"https:\/\/plazajuarez.mx\/historico\/wp-json\/wp\/v2\/categories?post=45616"},{"taxonomy":"post_tag","embeddable":true,"href":"https:\/\/plazajuarez.mx\/historico\/wp-json\/wp\/v2\/tags?post=45616"}],"curies":[{"name":"wp","href":"https:\/\/api.w.org\/{rel}","templated":true}]}}