{"id":45614,"date":"2017-08-03T04:58:44","date_gmt":"2017-08-03T04:58:44","guid":{"rendered":"http:\/\/plazajuarez.mx\/index\/index.php\/2017\/08\/03\/por-una-rendicion-efectiva-de-cuentas\/"},"modified":"2017-08-03T04:58:44","modified_gmt":"2017-08-03T04:58:44","slug":"por-una-rendicion-efectiva-de-cuentas","status":"publish","type":"post","link":"https:\/\/plazajuarez.mx\/historico\/por-una-rendicion-efectiva-de-cuentas\/","title":{"rendered":"Por una rendici\u00f3n efectiva de cuentas"},"content":{"rendered":"<p>\u00a0\u00a0\u00a0 \u2022\u00a0\u00a0 \u00a0Es evidente que las reglas e instituciones con los que hoy operamos no favorecen la gobernabilidad democr\u00e1tica\u2028<\/p>\n<p>  <!--more-->  <\/p>\n<p>Mucho se ha dicho y tambi\u00e9n mucho se ha escrito sobre el proceso electoral del pr\u00f3ximo a\u00f1o, sin embargo, hasta ahora parecer\u00eda que solamente vamos a elegir al Presidente de la Rep\u00fablica. Sabemos que no es as\u00ed: se van a elegir tambi\u00e9n la totalidad de los diputados y senadores que integran el Congreso de la Uni\u00f3n; varios gobernadores y al Jefe de Gobierno de la Ciudad de M\u00e9xico as\u00ed como un gran n\u00famero de diputados locales, alcaldes, etc. Ser\u00e1 casi, seguramente gracias a las reformas que se han hecho para empatar los procesos locales con el federal, el d\u00eda en que est\u00e9 en juego el mayor n\u00famero de puestos de elecci\u00f3n popular en la historia de nuestro pa\u00eds. <br \/>Desde mi \u00f3ptica, sin dejar de reconocer el peso espec\u00edfico que tiene la elecci\u00f3n presidencial, es de vital importancia poner tambi\u00e9n el foco en la elecci\u00f3n de los legisladores que habr\u00e1n de integrar ambas c\u00e1maras del Congreso de la Uni\u00f3n de quienes, considero, depender\u00e1 en gran medida la gobernabilidad del pa\u00eds. Adem\u00e1s, de acuerdo con lo aprobado en la Reforma Pol\u00edtica del 2014, los diputados y senadores que resulten electos, podr\u00e1n optar por la reelecci\u00f3n (tres o seis a\u00f1os despu\u00e9s, seg\u00fan sea el caso); y, si sus electores as\u00ed lo deciden, podr\u00e1n ejercer el cargo hasta por doce a\u00f1os consecutivos.<br \/>La eliminaci\u00f3n de la prohibici\u00f3n a la reelecci\u00f3n consecutiva de legisladores, es una de las modificaciones m\u00e1s relevantes de la reforma del Estado que, adem\u00e1s, puede hacer posible la construcci\u00f3n de nuevos acuerdos sobre otras asignaturas pendientes que tienen que ver con la gobernabilidad. La reelecci\u00f3n de legisladores, adem\u00e1s de devolver a los ciudadanos el poder de exigir cuentas a sus representantes, permite la profesionalizaci\u00f3n de los parlamentarios y la continuidad en los trabajos legislativos y esto sin duda fortalece al Congreso. Estos dos componentes, experiencia y continuidad en las funciones parlamentarias, disminuyen la probabilidad de que en la negociaci\u00f3n interpartidista se impongan razones de coyuntura que impidan la construcci\u00f3n de los necesarios acuerdos que le den viabilidad a un gobierno de minor\u00eda como el que seguramente tendremos. La gobernabilidad depende, en gran medida, de que resulte realmente costosa la no-cooperaci\u00f3n.<br \/>Son tan claras las ventajas de la reelecci\u00f3n, y est\u00e1n tan fuera de discusi\u00f3n, que en una buena parte de las constituciones de pa\u00edses democr\u00e1ticos ni siquiera se hace menci\u00f3n expresa del tema, se da por descontado que el reelegir o no a su representante, es un derecho del elector. En M\u00e9xico, por una reforma constitucional llevada a cabo en 1933, que lo que buscaba, y en buena medida logr\u00f3, era debilitar al Congreso, se prohibi\u00f3 la reelecci\u00f3n consecutiva de los legisladores. Antes de la reforma constitucional del 2014, s\u00f3lo dos pa\u00edses en el mundo: M\u00e9xico y Costa Rica, establec\u00edan dicha prohibici\u00f3n. Era una de las m\u00e1s desafortunadas excepcionalidades de nuestro sistema pol\u00edtico. A partir del pr\u00f3ximo a\u00f1o, gracias a la reforma del 2014, la prohibici\u00f3n desaparece y la medida sin duda, adem\u00e1s de fortalecer al Congreso, contribuye a asegurar la divisi\u00f3n, pero tambi\u00e9n el equilibrio entre poderes.<br \/>Es evidente que las reglas e instituciones con los que hoy operamos no favorecen la gobernabilidad democr\u00e1tica. Si queremos hacer m\u00e1s funcional nuestra democracia es indispensable fortalecer el v\u00ednculo entre representantes y representados. Esta reforma debe traer aparejada como finalidad esencial, la rendici\u00f3n efectiva de cuentas frente al ciudadano, tanto de quienes ejercen responsabilidades de gobierno como de aqu\u00e9llos que se encuentran en la oposici\u00f3n, y debe de contribuir a revertir la percepci\u00f3n que existe entre los ciudadanos de que la democracia es incapaz para resolver los problemas sociales.<br \/>\u00a0<br \/>Twitter: @jglezmorfin<\/p>\n","protected":false},"excerpt":{"rendered":"<p>\u00a0\u00a0\u00a0 \u2022\u00a0\u00a0 \u00a0Es evidente que las reglas e instituciones con los que hoy operamos no favorecen la gobernabilidad democr\u00e1tica\u2028<\/p>\n","protected":false},"author":93,"featured_media":0,"comment_status":"open","ping_status":"open","sticky":false,"template":"","format":"standard","meta":{"footnotes":""},"categories":[42],"tags":[],"class_list":["post-45614","post","type-post","status-publish","format-standard","hentry","category-nuestrapalabra"],"_links":{"self":[{"href":"https:\/\/plazajuarez.mx\/historico\/wp-json\/wp\/v2\/posts\/45614","targetHints":{"allow":["GET"]}}],"collection":[{"href":"https:\/\/plazajuarez.mx\/historico\/wp-json\/wp\/v2\/posts"}],"about":[{"href":"https:\/\/plazajuarez.mx\/historico\/wp-json\/wp\/v2\/types\/post"}],"author":[{"embeddable":true,"href":"https:\/\/plazajuarez.mx\/historico\/wp-json\/wp\/v2\/users\/93"}],"replies":[{"embeddable":true,"href":"https:\/\/plazajuarez.mx\/historico\/wp-json\/wp\/v2\/comments?post=45614"}],"version-history":[{"count":0,"href":"https:\/\/plazajuarez.mx\/historico\/wp-json\/wp\/v2\/posts\/45614\/revisions"}],"wp:attachment":[{"href":"https:\/\/plazajuarez.mx\/historico\/wp-json\/wp\/v2\/media?parent=45614"}],"wp:term":[{"taxonomy":"category","embeddable":true,"href":"https:\/\/plazajuarez.mx\/historico\/wp-json\/wp\/v2\/categories?post=45614"},{"taxonomy":"post_tag","embeddable":true,"href":"https:\/\/plazajuarez.mx\/historico\/wp-json\/wp\/v2\/tags?post=45614"}],"curies":[{"name":"wp","href":"https:\/\/api.w.org\/{rel}","templated":true}]}}