{"id":45456,"date":"2017-07-31T19:21:10","date_gmt":"2017-07-31T19:21:10","guid":{"rendered":"http:\/\/plazajuarez.mx\/index\/index.php\/2017\/07\/31\/manana-arranca-la-semana-mundial-de-la-lactancia-materna\/"},"modified":"2017-07-31T19:21:10","modified_gmt":"2017-07-31T19:21:10","slug":"manana-arranca-la-semana-mundial-de-la-lactancia-materna","status":"publish","type":"post","link":"https:\/\/plazajuarez.mx\/historico\/manana-arranca-la-semana-mundial-de-la-lactancia-materna\/","title":{"rendered":"Ma\u00f1ana arranca la Semana Mundial de la Lactancia Materna"},"content":{"rendered":"<p>Del 1 al 7 de agosto se conmemora la Semana Mundial de la Lactancia Materna, este a\u00f1o bajo el lema \u201cSosteniendo la Lactancia Materna Unidos por el Bien Com\u00fan, Sin Conflictos de Inter\u00e9s&#8221;.<\/p>\n<p>  <!--more-->  <\/p>\n<p>La Secretar\u00eda de Salud de Hidalgo (SSH) que encabeza Marco Antonio Escamilla Acosta, se suma a dicha estrategia a trav\u00e9s de informaci\u00f3n y consejer\u00eda para ti y tu familia en 5 regiones con eventos simult\u00e1neos educativos masivos en Tizayuca, Actopan, Atotonilco, Pachuca y Tepeji del R\u00edo, donde se llevar\u00e1n a cabo acciones para la promoci\u00f3n de la alimentaci\u00f3n correcta, consumo de agua simple potable, la actividad f\u00edsica, el rescate de la cultura tradicional alimentaria y la lactancia materna exclusiva para desarrollar habilidades y conocimientos que promuevan estilos de vida saludables en la poblaci\u00f3n.<\/p>\n<p>Adem\u00e1s, se dar\u00e1 informaci\u00f3n con especialistas mediante entrevistas, redes sociales, spots de radio y c\u00e1psulas de video, pl\u00e1ticas en unidades de salud con cuatro objetivos fundamentales.<\/p>\n<p>La Alianza Mundial en Pro de la Lactancia Materna (WABA) es una coalici\u00f3n mundial de personas, organizaciones y redes dedicada a la protecci\u00f3n, promoci\u00f3n y apoyo a la lactancia materna en todo el mundo.<\/p>\n<p>Este a\u00f1o establece cuatro objetivos:<\/p>\n<p>1.- Comprender la importancia de trabajar juntos cuatro \u00e1reas tem\u00e1ticas (Medio ambiente y clima; Salud y bienestar; Nutrici\u00f3n; seguridad alimentaria y reproducci\u00f3n de pobreza productividad, y empleo de las mujeres).<\/p>\n<p>2.- Reconocer el papel y las diferencias que las personas hacen en su \u00e1rea de trabajo.<\/p>\n<p>3.- Llegar a los otros para establecer \u00e1reas de inter\u00e9s com\u00fan.<\/p>\n<p>4.- Trabajar juntos para alcanzar los Objetivos de Desarrollo Sostenible (ODS) en el a\u00f1o 2030.<\/p>\n<p><strong>La Organizaci\u00f3n Mundial de la Salud (OMS) y UNICEF recomiendan:<\/strong><\/p>\n<ul>\n<li>Iniciar el amamantamiento durante la primera hora de vida;<\/li>\n<li>Practicar el amamantamiento exclusivo, es decir, proporcionar al lactante \u00fanicamente leche materna, sin otros alimentos o bebidas, ni siquiera agua;<\/li>\n<li>Dar el pecho cuando el ni\u00f1o o ni\u00f1a lo reclame, ya sea de d\u00eda o de noche;<\/li>\n<li>No utilizar biberones, tetinas o chupetes.<\/li>\n<\/ul>\n<p>La leche materna es el primer alimento natural de ni\u00f1as y ni\u00f1os, proporciona toda la energ\u00eda y los nutrientes que necesitan durante sus primeros 6 meses de vida y sigue aport\u00e1ndoles al menos la mitad de sus necesidades nutricionales durante la segunda mitad del primer a\u00f1o y hasta un tercio durante el segundo a\u00f1o de vida.<\/p>\n","protected":false},"excerpt":{"rendered":"<p>Del 1 al 7 de agosto se conmemora la Semana Mundial de la Lactancia Materna, este a\u00f1o bajo el lema \u201cSosteniendo la Lactancia Materna Unidos por el Bien Com\u00fan, Sin Conflictos de Inter\u00e9s&#8221;.<\/p>\n","protected":false},"author":6,"featured_media":0,"comment_status":"open","ping_status":"open","sticky":false,"template":"","format":"standard","meta":{"footnotes":""},"categories":[59],"tags":[],"class_list":["post-45456","post","type-post","status-publish","format-standard","hentry","category-general"],"_links":{"self":[{"href":"https:\/\/plazajuarez.mx\/historico\/wp-json\/wp\/v2\/posts\/45456","targetHints":{"allow":["GET"]}}],"collection":[{"href":"https:\/\/plazajuarez.mx\/historico\/wp-json\/wp\/v2\/posts"}],"about":[{"href":"https:\/\/plazajuarez.mx\/historico\/wp-json\/wp\/v2\/types\/post"}],"author":[{"embeddable":true,"href":"https:\/\/plazajuarez.mx\/historico\/wp-json\/wp\/v2\/users\/6"}],"replies":[{"embeddable":true,"href":"https:\/\/plazajuarez.mx\/historico\/wp-json\/wp\/v2\/comments?post=45456"}],"version-history":[{"count":0,"href":"https:\/\/plazajuarez.mx\/historico\/wp-json\/wp\/v2\/posts\/45456\/revisions"}],"wp:attachment":[{"href":"https:\/\/plazajuarez.mx\/historico\/wp-json\/wp\/v2\/media?parent=45456"}],"wp:term":[{"taxonomy":"category","embeddable":true,"href":"https:\/\/plazajuarez.mx\/historico\/wp-json\/wp\/v2\/categories?post=45456"},{"taxonomy":"post_tag","embeddable":true,"href":"https:\/\/plazajuarez.mx\/historico\/wp-json\/wp\/v2\/tags?post=45456"}],"curies":[{"name":"wp","href":"https:\/\/api.w.org\/{rel}","templated":true}]}}