{"id":45454,"date":"2017-07-31T19:15:57","date_gmt":"2017-07-31T19:15:57","guid":{"rendered":"http:\/\/plazajuarez.mx\/index\/index.php\/2017\/07\/31\/imparten-conferencia-en-el-marco-de-la-reta-ya-bajale-2017\/"},"modified":"2017-07-31T19:15:57","modified_gmt":"2017-07-31T19:15:57","slug":"imparten-conferencia-en-el-marco-de-la-reta-ya-bajale-2017","status":"publish","type":"post","link":"https:\/\/plazajuarez.mx\/historico\/imparten-conferencia-en-el-marco-de-la-reta-ya-bajale-2017\/","title":{"rendered":"Imparten conferencia en el marco de la reta Ya B\u00e1jale 2017"},"content":{"rendered":"<p style=\"text-align: justify;\"><span style=\"font-weight: 400;\">La Secretar\u00eda de Obras P\u00fablicas y Ordenamiento Territorial (SOPOT) a trav\u00e9s \u00a0de la Unidad Institucional para la Igualdad entre Mujeres y Hombres y como parte de los actividades de la reta Ya B\u00e1jale 2017, se imparti\u00f3 al personal de esta dependencia la conferencia \u00a0\u201cLa Magia de los Alimentos en la Salud\u201d.<\/span><\/p>\n<p>  <!--more-->  <\/p>\n<p style=\"text-align: justify;\"><span style=\"font-weight: 400;\">Denise Guti\u00e9rrez Balderas titular de esta unidad indic\u00f3 que estas acciones se llevan a cabo al interior de la secretear\u00eda con el objetivo de generar cambios de vida saludable \u00a0que permitan reducir los \u00edndices de enfermedades cr\u00f3nico degenerativas. <\/span><\/p>\n<p style=\"text-align: justify;\"><span style=\"font-weight: 400;\">As\u00ed mismo se\u00f1al\u00f3 que uno de los principales retos de la administraci\u00f3n de Omar Fayad Meneses, gobernador del Estado de Hidalgo es atender la salud de forma preventiva, es por es que la SOPOT, que encabeza Jos\u00e9 Meneses Arrieta, se realizan acciones como parte de la Reta Ya B\u00e1jale que impulsa la Secretar\u00eda de Salud con el objetivo de adoptar h\u00e1bitos m\u00e1s saludables dentro y fuera de su entorno laboral.<\/span><\/p>\n<p style=\"text-align: justify;\"><span style=\"font-weight: 400;\">La conferencia fue impartida por Carlos Alberto Olvera S\u00e1nchez, miembro de la Asociaci\u00f3n Mexicana de Nutriolog\u00eda y de la Academia Mexicana para el Estudio de Obesidad A.C., el tema fue sobre el nivel energ\u00e9tico que tienen los alimentos que se consumen cotidianamente. <\/span><\/p>\n<p style=\"text-align: justify;\"><span style=\"font-weight: 400;\">La directora inform\u00f3 que se trabaja con 38 equipos dentro de la secretar\u00eda que hace un total de 375 personas en donde tambi\u00e9n participan los Organismos P\u00fablicos Descentralizados de esta dependencia como son CASSIM, CEAA, CEVI y CASVAM.<\/span><\/p>\n","protected":false},"excerpt":{"rendered":"<p>La Secretar\u00eda de Obras P\u00fablicas y Ordenamiento Territorial (SOPOT) a trav\u00e9s \u00a0de la Unidad Institucional para la Igualdad entre Mujeres y Hombres y como parte de los actividades de la reta Ya B\u00e1jale 2017, se imparti\u00f3 al personal de esta dependencia la conferencia \u00a0\u201cLa Magia de los Alimentos en la Salud\u201d.<\/p>\n","protected":false},"author":6,"featured_media":0,"comment_status":"open","ping_status":"open","sticky":false,"template":"","format":"standard","meta":{"footnotes":""},"categories":[59],"tags":[],"class_list":["post-45454","post","type-post","status-publish","format-standard","hentry","category-general"],"_links":{"self":[{"href":"https:\/\/plazajuarez.mx\/historico\/wp-json\/wp\/v2\/posts\/45454","targetHints":{"allow":["GET"]}}],"collection":[{"href":"https:\/\/plazajuarez.mx\/historico\/wp-json\/wp\/v2\/posts"}],"about":[{"href":"https:\/\/plazajuarez.mx\/historico\/wp-json\/wp\/v2\/types\/post"}],"author":[{"embeddable":true,"href":"https:\/\/plazajuarez.mx\/historico\/wp-json\/wp\/v2\/users\/6"}],"replies":[{"embeddable":true,"href":"https:\/\/plazajuarez.mx\/historico\/wp-json\/wp\/v2\/comments?post=45454"}],"version-history":[{"count":0,"href":"https:\/\/plazajuarez.mx\/historico\/wp-json\/wp\/v2\/posts\/45454\/revisions"}],"wp:attachment":[{"href":"https:\/\/plazajuarez.mx\/historico\/wp-json\/wp\/v2\/media?parent=45454"}],"wp:term":[{"taxonomy":"category","embeddable":true,"href":"https:\/\/plazajuarez.mx\/historico\/wp-json\/wp\/v2\/categories?post=45454"},{"taxonomy":"post_tag","embeddable":true,"href":"https:\/\/plazajuarez.mx\/historico\/wp-json\/wp\/v2\/tags?post=45454"}],"curies":[{"name":"wp","href":"https:\/\/api.w.org\/{rel}","templated":true}]}}