{"id":45379,"date":"2017-07-30T14:43:51","date_gmt":"2017-07-30T14:43:51","guid":{"rendered":"http:\/\/plazajuarez.mx\/index\/index.php\/2017\/07\/30\/gordillo-apoya-a-amlo\/"},"modified":"2017-07-30T14:43:51","modified_gmt":"2017-07-30T14:43:51","slug":"gordillo-apoya-a-amlo","status":"publish","type":"post","link":"https:\/\/plazajuarez.mx\/historico\/gordillo-apoya-a-amlo\/","title":{"rendered":"&#8220;Gordillo apoya a AMLO&#8221;"},"content":{"rendered":"<p>\u00a0<\/p>\n<p>Gabriel Quadri, quien fue candidato presidencial por Nueva Alianza en 2012, sostiene que Elba Esther Gordillo, fundadora del partido y ex lideresa del magisterio, &#8220;apoya abiertamente a Morena y a L\u00f3pez Obrador&#8221;. Se deslinda de Gordillo y afirma que ella y sus familiares ya no tienen relaci\u00f3n con el Panal. Acepta que podr\u00eda buscar la Presidencia en 2018.<\/p>\n<p>  <!--more-->  <\/p>\n<p>AURELIO NU\u00d1O Y AMLO CRUZAN MENSAJES EN TWITTER<\/p>\n<p>El secretario de Educaci\u00f3n, Aurelio Nu\u00f1o \u00a0y Andr\u00e9s Manuel L\u00f3pez Obrador, intercambiaron puntos de vista en Twitter sobre la reforma educativa y el nepotismo. La noche del viernes, el tabasque\u00f1o critic\u00f3 que Fernando Bribiesca Sahag\u00fan asumi\u00f3 el cargo de delegado de la SEP en Guanajuato, por lo que escribi\u00f3 &#8220;El representante de Nu\u00f1o y delegado de la SEP en Guanajuato es hijo de Marta Sahag\u00fan. No cabe duda que la Reforma Educativa es una maravilla&#8221;.<\/p>\n<p>Nu\u00f1o Mayer respondi\u00f3 resaltando que &#8220;la val\u00eda de las personas se conoce por sus acciones, no por sus familiares&#8221;. Lament\u00f3 las declaraciones de AMLO, \u201ccuando sus tres hijos tienen cargos en Morena\u201d.<\/p>\n","protected":false},"excerpt":{"rendered":"<p>\u00a0 Gabriel Quadri, quien fue candidato presidencial por Nueva Alianza en 2012, sostiene que Elba Esther Gordillo, fundadora del partido y ex lideresa del magisterio, &#8220;apoya abiertamente a Morena y a L\u00f3pez Obrador&#8221;. Se deslinda de Gordillo y afirma que ella y sus familiares ya no tienen relaci\u00f3n con el Panal. Acepta que podr\u00eda buscar [&hellip;]<\/p>\n","protected":false},"author":3,"featured_media":0,"comment_status":"open","ping_status":"open","sticky":false,"template":"","format":"standard","meta":{"footnotes":""},"categories":[36],"tags":[],"class_list":["post-45379","post","type-post","status-publish","format-standard","hentry","category-nacion"],"_links":{"self":[{"href":"https:\/\/plazajuarez.mx\/historico\/wp-json\/wp\/v2\/posts\/45379","targetHints":{"allow":["GET"]}}],"collection":[{"href":"https:\/\/plazajuarez.mx\/historico\/wp-json\/wp\/v2\/posts"}],"about":[{"href":"https:\/\/plazajuarez.mx\/historico\/wp-json\/wp\/v2\/types\/post"}],"author":[{"embeddable":true,"href":"https:\/\/plazajuarez.mx\/historico\/wp-json\/wp\/v2\/users\/3"}],"replies":[{"embeddable":true,"href":"https:\/\/plazajuarez.mx\/historico\/wp-json\/wp\/v2\/comments?post=45379"}],"version-history":[{"count":0,"href":"https:\/\/plazajuarez.mx\/historico\/wp-json\/wp\/v2\/posts\/45379\/revisions"}],"wp:attachment":[{"href":"https:\/\/plazajuarez.mx\/historico\/wp-json\/wp\/v2\/media?parent=45379"}],"wp:term":[{"taxonomy":"category","embeddable":true,"href":"https:\/\/plazajuarez.mx\/historico\/wp-json\/wp\/v2\/categories?post=45379"},{"taxonomy":"post_tag","embeddable":true,"href":"https:\/\/plazajuarez.mx\/historico\/wp-json\/wp\/v2\/tags?post=45379"}],"curies":[{"name":"wp","href":"https:\/\/api.w.org\/{rel}","templated":true}]}}