{"id":45378,"date":"2017-07-30T14:41:43","date_gmt":"2017-07-30T14:41:43","guid":{"rendered":"http:\/\/plazajuarez.mx\/index\/index.php\/2017\/07\/30\/director-de-la-ciudad-de-los-ninos-interpone-denuncia-por-difamacion\/"},"modified":"2017-07-30T14:41:43","modified_gmt":"2017-07-30T14:41:43","slug":"director-de-la-ciudad-de-los-ninos-interpone-denuncia-por-difamacion","status":"publish","type":"post","link":"https:\/\/plazajuarez.mx\/historico\/director-de-la-ciudad-de-los-ninos-interpone-denuncia-por-difamacion\/","title":{"rendered":"Director de La Ciudad de los Ni\u00f1os  interpone denuncia por &#8220;difamaci\u00f3n&#8221;"},"content":{"rendered":"<p>\u00a0<\/p>\n<p>Salamanca, Gto.- El director de la Ciudad de los Ni\u00f1os y sacerdote, Pedro Guti\u00e9rrez Far\u00edas, interpuso una denuncia penal contra quien resulte responsable del delito de difamaci\u00f3n, por la difusi\u00f3n y publicaci\u00f3n de la acusaci\u00f3n de que abus\u00f3 sexualmente y maltrat\u00f3 a infantes.<\/p>\n<p>  <!--more-->  <\/p>\n<p>Juli\u00e1n Garc\u00eda, abogado del cura, inform\u00f3 que la agencia siete Ministerio P\u00fablico (MP) en Salamanca integr\u00f3 la carpeta de investigaci\u00f3n 76301.<\/p>\n<p>\u201cEs una denuncia por hechos, hechos que fueron publicados en los medios, todo en torno a que hay delito de trata de personas y otros donde se atreven a pronunciarse sobre esos hechos\u201d, explic\u00f3 el abogado.<\/p>\n<p>Agreg\u00f3 que las denuncias y publicaciones period\u00edsticas se realizan sin que existan pruebas de los supuestos abusos sexuales y las vejaciones.<\/p>\n<p>\u201cSe siente muy afectado con todas las publicaciones medi\u00e1ticas que no han sido buenas y muy criticadas, y sobre todo han publicado hechos que ni siquiera son probados en su totalidad\u201d, argument\u00f3. La querella fue puesta el viernes 28 de julio.<\/p>\n<p>El sacerdote est\u00e1 muy da\u00f1ado y f\u00edsicamente est\u00e1 abatido porque no puede concebir las acusaciones que hacen en su contra, sostuvo.<\/p>\n<p>\u201cNo es justo, ni debe ser as\u00ed, que algunas personas utilizan a los medios para hacer estas declaraciones\u201d, dijo.<\/p>\n","protected":false},"excerpt":{"rendered":"<p>\u00a0 Salamanca, Gto.- El director de la Ciudad de los Ni\u00f1os y sacerdote, Pedro Guti\u00e9rrez Far\u00edas, interpuso una denuncia penal contra quien resulte responsable del delito de difamaci\u00f3n, por la difusi\u00f3n y publicaci\u00f3n de la acusaci\u00f3n de que abus\u00f3 sexualmente y maltrat\u00f3 a infantes.<\/p>\n","protected":false},"author":3,"featured_media":0,"comment_status":"open","ping_status":"open","sticky":false,"template":"","format":"standard","meta":{"footnotes":""},"categories":[36],"tags":[],"class_list":["post-45378","post","type-post","status-publish","format-standard","hentry","category-nacion"],"_links":{"self":[{"href":"https:\/\/plazajuarez.mx\/historico\/wp-json\/wp\/v2\/posts\/45378","targetHints":{"allow":["GET"]}}],"collection":[{"href":"https:\/\/plazajuarez.mx\/historico\/wp-json\/wp\/v2\/posts"}],"about":[{"href":"https:\/\/plazajuarez.mx\/historico\/wp-json\/wp\/v2\/types\/post"}],"author":[{"embeddable":true,"href":"https:\/\/plazajuarez.mx\/historico\/wp-json\/wp\/v2\/users\/3"}],"replies":[{"embeddable":true,"href":"https:\/\/plazajuarez.mx\/historico\/wp-json\/wp\/v2\/comments?post=45378"}],"version-history":[{"count":0,"href":"https:\/\/plazajuarez.mx\/historico\/wp-json\/wp\/v2\/posts\/45378\/revisions"}],"wp:attachment":[{"href":"https:\/\/plazajuarez.mx\/historico\/wp-json\/wp\/v2\/media?parent=45378"}],"wp:term":[{"taxonomy":"category","embeddable":true,"href":"https:\/\/plazajuarez.mx\/historico\/wp-json\/wp\/v2\/categories?post=45378"},{"taxonomy":"post_tag","embeddable":true,"href":"https:\/\/plazajuarez.mx\/historico\/wp-json\/wp\/v2\/tags?post=45378"}],"curies":[{"name":"wp","href":"https:\/\/api.w.org\/{rel}","templated":true}]}}