{"id":45329,"date":"2017-07-29T13:51:50","date_gmt":"2017-07-29T13:51:50","guid":{"rendered":"http:\/\/plazajuarez.mx\/index\/index.php\/2017\/07\/29\/el-municipio-sera-sede-del-festival-de-cine-del-medio-ambiente-en-mexico\/"},"modified":"2017-07-29T13:51:50","modified_gmt":"2017-07-29T13:51:50","slug":"el-municipio-sera-sede-del-festival-de-cine-del-medio-ambiente-en-mexico","status":"publish","type":"post","link":"https:\/\/plazajuarez.mx\/historico\/el-municipio-sera-sede-del-festival-de-cine-del-medio-ambiente-en-mexico\/","title":{"rendered":"El municipio ser\u00e1 sede del Festival de  Cine del Medio Ambiente en M\u00e9xico"},"content":{"rendered":"<p><span style=\"font-weight: 400;\">El Ayuntamiento, en coordinaci\u00f3n con Canacintra y la ONU-Medio ambiente llev\u00f3 a cabo la muestra del Festival Internacional de Cine del Medio Ambiente de M\u00e9xico (FICMA).<\/span><\/p>\n<p><span style=\"font-weight: 400;\">La muestra de cine se proyectar\u00e1 todos los fines de semana, a partir del 5 al 27 de agosto, de 13:00 a 15 horas, con el objetivo de crear consciencia entre los tizayuquenses para cuidar al medio ambiente, los recursos naturales y la fauna, \u00a0sobre todo a la que est\u00e1 en peligro de extinci\u00f3n.<\/span><\/p>\n<p>  <!--more-->  <\/p>\n<p><span style=\"font-weight: 400;\">Las funciones se presentar\u00e1n en las instalaciones del Bioparque de Convivencias Tizayocan<\/span><\/p>\n<p><span style=\"font-weight: 400;\">El primer filme que abrir\u00e1 la campa\u00f1a ser\u00e1 Mar Bermejo. Cabe mencionar que este festival recorre m\u00e1s de 40 ciudades del pa\u00eds. Estar\u00e1 abierto para todo p\u00fablico de manera gratuita, el eslogan de la campa\u00f1a es \u201centretener concienciando y educar sensibilizando\u201d.<\/span><\/p>\n<p><span style=\"font-weight: 400;\">Durante su intervenci\u00f3n el presidente de Canacintra, delegaci\u00f3n Tizayuca, Enrique Flores Ju\u00e1rez, inform\u00f3 que el FICMA data de 1993 en la ciudad de Barcelona, pero fue hasta hace cinco a\u00f1os cuando se herman\u00f3 con la ONU a trav\u00e9s de su \u00e1rea de Medio Ambiente y la Fundaci\u00f3n Canacintra, que lograron comprar los derechos de estos cortometrajes que retoman temas de conciencia ambiental para ofrecerlos de manera gratuita.<\/span><\/p>\n<p><span style=\"font-weight: 400;\">Dijo que los cortometrajes son producciones de alta calidad, y los empresarios buscan retribuir al municipio los apoyos que les han sido brindados, ya que hace 70 a\u00f1os las industrias no se preocupaban tanto por los temas del medio ambiente.<\/span><\/p>\n<p><span style=\"font-weight: 400;\">El alcalde, Gabriel Garc\u00eda Rojas, destac\u00f3 la importancia de la coordinaci\u00f3n de la iniciativa privada con el Gobierno Municipal, a fin de lograr grandes resultados con la ciudadan\u00eda, y poder rescatar la importancia del medio ambiente.<\/span><\/p>\n<p><span style=\"font-weight: 400;\">Explic\u00f3 que hay que cuidar los recursos y dar informaci\u00f3n para que los pobladores conozcan y cuiden los da\u00f1os que han sido ocasionados en la naturaleza, su mayor preocupaci\u00f3n es el problema de suficiencia del agua, ya que desde hace 30 a\u00f1os el Valle de Tizayuca est\u00e1 suministrando agua al Estado de M\u00e9xico, situaci\u00f3n que complica el abasto del agua en esta regi\u00f3n de la entidad. <\/span><\/p>\n<p><span style=\"font-weight: 400;\">El Jefe del Ejecutivo municipal dijo: \u201cla naturaleza no necesita del ser humano, pero el ser humano, s\u00ed necesita de la naturaleza\u201d.<\/span><\/p>\n<p><span style=\"font-weight: 400;\">Algunos de los cortometrajes que se transmitir\u00e1n son: Gal\u00e1pagos, m\u00e1s all\u00e1 de las islas; Caracolito; La Leyenda de los Delfines; L\u00edmites; Erosi\u00f3n; Astral, entre otros.<\/span><\/p>\n","protected":false},"excerpt":{"rendered":"<p>El Ayuntamiento, en coordinaci\u00f3n con Canacintra y la ONU-Medio ambiente llev\u00f3 a cabo la muestra del Festival Internacional de Cine del Medio Ambiente de M\u00e9xico (FICMA). La muestra de cine se proyectar\u00e1 todos los fines de semana, a partir del 5 al 27 de agosto, de 13:00 a 15 horas, con el objetivo de crear [&hellip;]<\/p>\n","protected":false},"author":93,"featured_media":0,"comment_status":"open","ping_status":"open","sticky":false,"template":"","format":"standard","meta":{"footnotes":""},"categories":[40],"tags":[],"class_list":["post-45329","post","type-post","status-publish","format-standard","hentry","category-region"],"_links":{"self":[{"href":"https:\/\/plazajuarez.mx\/historico\/wp-json\/wp\/v2\/posts\/45329","targetHints":{"allow":["GET"]}}],"collection":[{"href":"https:\/\/plazajuarez.mx\/historico\/wp-json\/wp\/v2\/posts"}],"about":[{"href":"https:\/\/plazajuarez.mx\/historico\/wp-json\/wp\/v2\/types\/post"}],"author":[{"embeddable":true,"href":"https:\/\/plazajuarez.mx\/historico\/wp-json\/wp\/v2\/users\/93"}],"replies":[{"embeddable":true,"href":"https:\/\/plazajuarez.mx\/historico\/wp-json\/wp\/v2\/comments?post=45329"}],"version-history":[{"count":0,"href":"https:\/\/plazajuarez.mx\/historico\/wp-json\/wp\/v2\/posts\/45329\/revisions"}],"wp:attachment":[{"href":"https:\/\/plazajuarez.mx\/historico\/wp-json\/wp\/v2\/media?parent=45329"}],"wp:term":[{"taxonomy":"category","embeddable":true,"href":"https:\/\/plazajuarez.mx\/historico\/wp-json\/wp\/v2\/categories?post=45329"},{"taxonomy":"post_tag","embeddable":true,"href":"https:\/\/plazajuarez.mx\/historico\/wp-json\/wp\/v2\/tags?post=45329"}],"curies":[{"name":"wp","href":"https:\/\/api.w.org\/{rel}","templated":true}]}}