{"id":45327,"date":"2017-07-29T13:45:05","date_gmt":"2017-07-29T13:45:05","guid":{"rendered":"http:\/\/plazajuarez.mx\/index\/index.php\/2017\/07\/29\/dos-alumnos-del-cobaeh-representaran-a-mexico-en-festival-de-arte\/"},"modified":"2017-07-29T13:45:05","modified_gmt":"2017-07-29T13:45:05","slug":"dos-alumnos-del-cobaeh-representaran-a-mexico-en-festival-de-arte","status":"publish","type":"post","link":"https:\/\/plazajuarez.mx\/historico\/dos-alumnos-del-cobaeh-representaran-a-mexico-en-festival-de-arte\/","title":{"rendered":"DOS ALUMNOS DEL COBAEH REPRESENTAR\u00c1N A M\u00c9XICO EN  FESTIVAL DE ARTE"},"content":{"rendered":"<p><span style=\"font-weight: 400;\">La fundaci\u00f3n Calavera Canario y el Colegio de Bachilleres del Estado de Hidalgo (COBAEH), anunciaron que dos alumnos del COBAEH, representar\u00e1n a M\u00e9xico en el festival de arte contempor\u00e1neo, ArtShopping Carrousel du Louvre en Francia.<\/span><\/p>\n<p>  <!--more-->  <\/p>\n<p><span style=\"font-weight: 400;\">\u201cFundaci\u00f3n Calavera Canario busca acciones sociales, as\u00ed que se habl\u00f3 con el gobernador del estado para llevar a cabo el proyecto \u201cAtr\u00e9vete\u201d, en donde estudiantes del COBAEH participaron en diferentes talleres de arte\u201d, se\u00f1al\u00f3 Chema Gil, uno de los principales impulsores de la fundaci\u00f3n Calavera Canario.<\/span><\/p>\n<p><span style=\"font-weight: 400;\">De igual manera, se\u00f1al\u00f3 que la invitaci\u00f3n se realiz\u00f3 hace un mes y de los participantes se eligieron 6 finalistas, \u201chab\u00eda obras maravillosas, pero solo pudimos seleccionar seis y de esas obras, dos ser\u00e1n las que finalmente se seleccionen para ir a Francia, esta vez buscamos retratar a la muerte, pero una muerte que festeja, que es alegre, que muestre que cada fin de ciclo es para un nuevo comienzo\u201d.<\/span><\/p>\n<p><span style=\"font-weight: 400;\">En su oportunidad, Gloria Edith Palacios Alm\u00f3n, directora general del COBAEH, destac\u00f3 la oportunidad de trabajar con la fundaci\u00f3n, ya que est\u00e1n festejando 30 a\u00f1os de fundaci\u00f3n del Colegio.<\/span><\/p>\n<p><span style=\"font-weight: 400;\">Los concursantes que representar\u00e1n a M\u00e9xico en esta feria de arte son Raymundo Garc\u00eda Ram\u00edrez del plantel de Mineral de la Reforma y Monserrat Barranco Herrera del plantel de Tenango de Doria y en \u00a0Octubre ser\u00e1 cuando viajen a Francia.<\/span><\/p>\n","protected":false},"excerpt":{"rendered":"<p>La fundaci\u00f3n Calavera Canario y el Colegio de Bachilleres del Estado de Hidalgo (COBAEH), anunciaron que dos alumnos del COBAEH, representar\u00e1n a M\u00e9xico en el festival de arte contempor\u00e1neo, ArtShopping Carrousel du Louvre en Francia.<\/p>\n","protected":false},"author":93,"featured_media":0,"comment_status":"open","ping_status":"open","sticky":false,"template":"","format":"standard","meta":{"footnotes":""},"categories":[59],"tags":[],"class_list":["post-45327","post","type-post","status-publish","format-standard","hentry","category-general"],"_links":{"self":[{"href":"https:\/\/plazajuarez.mx\/historico\/wp-json\/wp\/v2\/posts\/45327","targetHints":{"allow":["GET"]}}],"collection":[{"href":"https:\/\/plazajuarez.mx\/historico\/wp-json\/wp\/v2\/posts"}],"about":[{"href":"https:\/\/plazajuarez.mx\/historico\/wp-json\/wp\/v2\/types\/post"}],"author":[{"embeddable":true,"href":"https:\/\/plazajuarez.mx\/historico\/wp-json\/wp\/v2\/users\/93"}],"replies":[{"embeddable":true,"href":"https:\/\/plazajuarez.mx\/historico\/wp-json\/wp\/v2\/comments?post=45327"}],"version-history":[{"count":0,"href":"https:\/\/plazajuarez.mx\/historico\/wp-json\/wp\/v2\/posts\/45327\/revisions"}],"wp:attachment":[{"href":"https:\/\/plazajuarez.mx\/historico\/wp-json\/wp\/v2\/media?parent=45327"}],"wp:term":[{"taxonomy":"category","embeddable":true,"href":"https:\/\/plazajuarez.mx\/historico\/wp-json\/wp\/v2\/categories?post=45327"},{"taxonomy":"post_tag","embeddable":true,"href":"https:\/\/plazajuarez.mx\/historico\/wp-json\/wp\/v2\/tags?post=45327"}],"curies":[{"name":"wp","href":"https:\/\/api.w.org\/{rel}","templated":true}]}}