{"id":45325,"date":"2017-07-29T13:38:20","date_gmt":"2017-07-29T13:38:20","guid":{"rendered":"http:\/\/plazajuarez.mx\/index\/index.php\/2017\/07\/29\/lo-que-realmente-necesitamos-tener-es-una-comunidad-cultural-y-artistica-solida-unida-y-actuante\/"},"modified":"2017-07-29T13:38:20","modified_gmt":"2017-07-29T13:38:20","slug":"lo-que-realmente-necesitamos-tener-es-una-comunidad-cultural-y-artistica-solida-unida-y-actuante","status":"publish","type":"post","link":"https:\/\/plazajuarez.mx\/historico\/lo-que-realmente-necesitamos-tener-es-una-comunidad-cultural-y-artistica-solida-unida-y-actuante\/","title":{"rendered":"\u201cLo que realmente necesitamos tener es una comunidad cultural y art\u00edstica s\u00f3lida, unida y actuante\u201d"},"content":{"rendered":"<p><span style=\"font-weight: 400;\">\u201cLo que realmente necesitamos tener es una comunidad cultural y art\u00edstica s\u00f3lida, unida y actuante\u201d, manifest\u00f3 el titular de la Secretar\u00eda de Cultura del Estado, Olaf Hern\u00e1ndez S\u00e1nchez respecto a los artistas hidalguenses.<\/span><\/p>\n<p>  <!--more-->  <\/p>\n<p><span style=\"font-weight: 400;\">Reconoci\u00f3 que falta trabajar en este tema, primero para que se reconozcan y con base en ello generar esquemas de fomento, sensibilizaci\u00f3n y creaci\u00f3n para lograr una comunidad art\u00edstica y cultural.<\/span><\/p>\n<p><span style=\"font-weight: 400;\">El Secretario de Cultura agreg\u00f3, \u201cHoy tenemos grupos que trabajan de manera particular los proyectos y lo hacen muy bien, pues con su trabajo y capacidad han \u00a0logrado tener proyectos interesantes, sin embargo falta que est\u00e9n en red \u00a0para que puedan \u00a0intercambiar \u00a0experiencias y conocimientos\u201d:<\/span><\/p>\n<p><span style=\"font-weight: 400;\">Lo anterior, precis\u00f3, con la finalidad de que se articulen acciones para tener proyectos m\u00e1s grandes que trasciendan e \u00a0impacten en muchas zonas del estado, no solo en la capital hidalguense, con actividades art\u00edsticas y culturales.<\/span><\/p>\n<p><span style=\"font-weight: 400;\">Hern\u00e1ndez S\u00e1nchez asegur\u00f3 que se registra un avance importante en el trabajo con los artistas hidalguenses, \u201cahora nos reconocemos como interlocutores, ahora nos reconocemos como factores del crecimiento de la cultura del estado, como la parte institucional como ellos y nosotros seguiremos consolidando una relaci\u00f3n de respeto y trabajo coordinado, ha ido \u00a0avanzando\u201d.<\/span><\/p>\n<p><span style=\"font-weight: 400;\">Sin embargo sentenci\u00f3, que la uniformidad de opiniones no es el objetivo central, pues la libertad de opini\u00f3n y pensamiento es una premisa que persigue y respeta la dependencia; de tal manera que lo fundamental es un trabajo coordinado.<\/span><\/p>\n<p><span style=\"font-weight: 400;\">\u201cNo creo que vayamos a tener en el corto plazo una uniformidad \u00a0de opiniones, ni creo que ser\u00eda el prop\u00f3sito ni dentro de \u00a0ellos, ni de ellos con nosotros, abonamos mucho a la libertad de opini\u00f3n, a la libertad de pensamiento, pero sobre proyectos \u00a0espec\u00edficos tenemos que ponernos de acuerdo y transitar en un trabajo coordinado y conjunto y eso ser\u00eda el principal esfuerzo que vamos a concretar \u00a0en los siguientes meses, tenemos un buen avance y de nosotros todo el respeto y la disposici\u00f3n\u201d, remat\u00f3.<\/span><\/p>\n","protected":false},"excerpt":{"rendered":"<p>\u201cLo que realmente necesitamos tener es una comunidad cultural y art\u00edstica s\u00f3lida, unida y actuante\u201d, manifest\u00f3 el titular de la Secretar\u00eda de Cultura del Estado, Olaf Hern\u00e1ndez S\u00e1nchez respecto a los artistas hidalguenses.<\/p>\n","protected":false},"author":93,"featured_media":0,"comment_status":"open","ping_status":"open","sticky":false,"template":"","format":"standard","meta":{"footnotes":""},"categories":[59],"tags":[],"class_list":["post-45325","post","type-post","status-publish","format-standard","hentry","category-general"],"_links":{"self":[{"href":"https:\/\/plazajuarez.mx\/historico\/wp-json\/wp\/v2\/posts\/45325","targetHints":{"allow":["GET"]}}],"collection":[{"href":"https:\/\/plazajuarez.mx\/historico\/wp-json\/wp\/v2\/posts"}],"about":[{"href":"https:\/\/plazajuarez.mx\/historico\/wp-json\/wp\/v2\/types\/post"}],"author":[{"embeddable":true,"href":"https:\/\/plazajuarez.mx\/historico\/wp-json\/wp\/v2\/users\/93"}],"replies":[{"embeddable":true,"href":"https:\/\/plazajuarez.mx\/historico\/wp-json\/wp\/v2\/comments?post=45325"}],"version-history":[{"count":0,"href":"https:\/\/plazajuarez.mx\/historico\/wp-json\/wp\/v2\/posts\/45325\/revisions"}],"wp:attachment":[{"href":"https:\/\/plazajuarez.mx\/historico\/wp-json\/wp\/v2\/media?parent=45325"}],"wp:term":[{"taxonomy":"category","embeddable":true,"href":"https:\/\/plazajuarez.mx\/historico\/wp-json\/wp\/v2\/categories?post=45325"},{"taxonomy":"post_tag","embeddable":true,"href":"https:\/\/plazajuarez.mx\/historico\/wp-json\/wp\/v2\/tags?post=45325"}],"curies":[{"name":"wp","href":"https:\/\/api.w.org\/{rel}","templated":true}]}}