{"id":45323,"date":"2017-07-29T13:34:19","date_gmt":"2017-07-29T13:34:19","guid":{"rendered":"http:\/\/plazajuarez.mx\/index\/index.php\/2017\/07\/29\/en-plaza-juarez-inauguran-la-feria-de-regreso-a-clases-2017\/"},"modified":"2017-07-29T13:34:19","modified_gmt":"2017-07-29T13:34:19","slug":"en-plaza-juarez-inauguran-la-feria-de-regreso-a-clases-2017","status":"publish","type":"post","link":"https:\/\/plazajuarez.mx\/historico\/en-plaza-juarez-inauguran-la-feria-de-regreso-a-clases-2017\/","title":{"rendered":"En Plaza Ju\u00e1rez, inauguran la  Feria de Regreso a Clases 2017"},"content":{"rendered":"<p><span style=\"font-weight: 400;\">La explanada de Plaza Ju\u00e1rez es la sede en la cual, el dia de ayer, se dio inicio a la Feria de Regreso a Clases.<\/span><\/p>\n<p>  <!--more-->  <\/p>\n<p><span style=\"font-weight: 400;\">Los comerciantes ofrecen los diversos art\u00edculos escolares que venden en sus establecimientos.<\/span><\/p>\n<p><span style=\"font-weight: 400;\">En su mensaje de bienvenida, el delegado en Hidalgo de la Procuradur\u00eda Federal del Consumidor (Profeco), Jos\u00e9 Alberto Ch\u00e1vez Mendoza, dijo que el objetivo es crear un v\u00ednculo entre padres de familia y proveedores.<\/span><\/p>\n<p><span style=\"font-weight: 400;\">\u201cEs una tarea que nos ha encomendado el presidente de la rep\u00fablica, Enrique Pe\u00f1a Nieto, y es el de apoyar la econom\u00eda de todos, este a\u00f1o hemos superado la meta con 45 stands, mientras que el a\u00f1o pasado estuvieron 30 proveedores, por eso estamos trabajando arduamente para que a\u00f1o con a\u00f1o incrementen y sea la explanada de la Plaza Ju\u00e1rez el recinto de la feria de regreso a clases&#8221;.<\/span><\/p>\n<p><span style=\"font-weight: 400;\">El presidente de la C\u00e1mara Nacional de Comercios (Canaco), Juan Jes\u00fas Bravo Aguilera , mencion\u00f3 que el evento tiene la finalidad de hacer llegar las oferta y promociones a los padres de familia, a bajo costos y con descuentos que van desde un 10 hasta un 25 por ciento.<\/span><\/p>\n<p><span style=\"font-weight: 400;\">Al respecto, la delegada de la Secretar\u00eda de Econom\u00eda; Guisell Ubilla Ram\u00edrez, argument\u00f3 que a\u00f1o con a\u00f1o se ha realizado la feria en la cual, ha sido part\u00edcipe y de la que se han beneficiado los padres de familia con los precios bajos que encuentran en los art\u00edculos escolares.<\/span><\/p>\n<p><span style=\"font-weight: 400;\">Tambi\u00e9n se ofrecen servicios como corte de pelo, graduaci\u00f3n y reparaci\u00f3n de lentes y calzado; asimismo se impartir\u00e1n talleres para la elaboraci\u00f3n de granola, enjambre de chocolate, botana de cacahuate enchilado, refrigerio de coctel vegetariano de zanahoria y jab\u00f3n universal en un horario de 11 a 13 horas.<\/span><\/p>\n<p><span style=\"font-weight: 400;\">Mientras que a las cuatro de la tarde se impartir\u00e1n pl\u00e1ticas por parte de la Comisi\u00f3n Federal de Electricidad (CFE), la Comisi\u00f3n de Agua y Alcantarillado de Sistemas Intermunicipales (Caasim), \u00a0Liconsa; as\u00ed como de la Profeco para que los consumidores conozcan sus derechos.<\/span><\/p>\n","protected":false},"excerpt":{"rendered":"<p>La explanada de Plaza Ju\u00e1rez es la sede en la cual, el dia de ayer, se dio inicio a la Feria de Regreso a Clases.<\/p>\n","protected":false},"author":93,"featured_media":0,"comment_status":"open","ping_status":"open","sticky":false,"template":"","format":"standard","meta":{"footnotes":""},"categories":[59],"tags":[],"class_list":["post-45323","post","type-post","status-publish","format-standard","hentry","category-general"],"_links":{"self":[{"href":"https:\/\/plazajuarez.mx\/historico\/wp-json\/wp\/v2\/posts\/45323","targetHints":{"allow":["GET"]}}],"collection":[{"href":"https:\/\/plazajuarez.mx\/historico\/wp-json\/wp\/v2\/posts"}],"about":[{"href":"https:\/\/plazajuarez.mx\/historico\/wp-json\/wp\/v2\/types\/post"}],"author":[{"embeddable":true,"href":"https:\/\/plazajuarez.mx\/historico\/wp-json\/wp\/v2\/users\/93"}],"replies":[{"embeddable":true,"href":"https:\/\/plazajuarez.mx\/historico\/wp-json\/wp\/v2\/comments?post=45323"}],"version-history":[{"count":0,"href":"https:\/\/plazajuarez.mx\/historico\/wp-json\/wp\/v2\/posts\/45323\/revisions"}],"wp:attachment":[{"href":"https:\/\/plazajuarez.mx\/historico\/wp-json\/wp\/v2\/media?parent=45323"}],"wp:term":[{"taxonomy":"category","embeddable":true,"href":"https:\/\/plazajuarez.mx\/historico\/wp-json\/wp\/v2\/categories?post=45323"},{"taxonomy":"post_tag","embeddable":true,"href":"https:\/\/plazajuarez.mx\/historico\/wp-json\/wp\/v2\/tags?post=45323"}],"curies":[{"name":"wp","href":"https:\/\/api.w.org\/{rel}","templated":true}]}}