{"id":45260,"date":"2017-07-27T18:38:33","date_gmt":"2017-07-27T18:38:33","guid":{"rendered":"http:\/\/plazajuarez.mx\/index\/index.php\/2017\/07\/27\/apoyan-a-madres-jovenes-para-que-concluyan-sus-estudios\/"},"modified":"2017-07-27T18:38:33","modified_gmt":"2017-07-27T18:38:33","slug":"apoyan-a-madres-jovenes-para-que-concluyan-sus-estudios","status":"publish","type":"post","link":"https:\/\/plazajuarez.mx\/historico\/apoyan-a-madres-jovenes-para-que-concluyan-sus-estudios\/","title":{"rendered":"Apoyan a madres j\u00f3venes para que concluyan sus estudios"},"content":{"rendered":"<p style=\"text-align: justify;\"><span style=\"font-weight: 400;\">Con la finalidad de convertir a la educaci\u00f3n en el pilar del desarrollo imparti\u00e9ndola con calidad, pertinencia, equidad y cobertura total con estrategias que fomenten la competitividad de los procesos educativos, la Secretar\u00eda de Educaci\u00f3n P\u00fablica de Hidalgo (SEPH), a trav\u00e9s del Programa Nacional de Becas de Apoyo a la Educaci\u00f3n B\u00e1sica para Madres J\u00f3venes y J\u00f3venes Embarazadas (PROMAJOVEN), trabaja permanentemente para beneficiar y apoyar a las adolescentes en situaci\u00f3n de vulnerabilidad social, que viven la maternidad y el embarazo temprano.<\/span><\/p>\n<p>  <!--more-->  <\/p>\n<p style=\"text-align: justify;\"><span style=\"font-weight: 400;\">El apoyo Administrativo de PROMAJOVEN, Marisol Ben\u00edtez L\u00f3pez, indic\u00f3 que hasta<\/span><span style=\"font-weight: 400;\"> el momento en lo que va del a\u00f1o se han inscrito un total de 333 <\/span><span style=\"font-weight: 400;\">adolescentes a dicho programa, las cuales tienen la oportunidad de comenzar, reincorporarse, permanecer y concluir su Educaci\u00f3n B\u00e1sica en cualquier modalidad educativa p\u00fablica en la entidad. <\/span><\/p>\n<p style=\"text-align: justify;\"><span style=\"font-weight: 400;\">Indic\u00f3 que el gobernador Omar Fayad Meneses y la secretaria de Educaci\u00f3n P\u00fablica de Hidalgo, Sayonara Vargas Rodr\u00edguez, han manifestado su inter\u00e9s en dar continuidad y respaldo a este tipo de programas, ya que busca <\/span><span style=\"font-weight: 400;\">lograr una mayor equidad y la no discriminaci\u00f3n, as\u00ed como reducir la deserci\u00f3n escolar ampliando sus oportunidades de acceso y permanencia en los programas de Educaci\u00f3n B\u00e1sica.<\/span><\/p>\n<p style=\"text-align: justify;\"><span style=\"font-weight: 400;\">Se\u00f1al\u00f3 que se han implementado diversas acciones con el fin de reforzar y proyectar el beneficio de la beca, realizando trabajo inter-institucional con el Instituto Hidalguense de las Mujeres\u00a0(IHM), Instituto Hidalguense de la Juventud (IHJ), el Sistema Estatal para el Desarrollo Integral de la Familia Hidalgo, la Comisi\u00f3n de Derechos Humanos\u00a0(CDH) y el Instituto<\/span><span style=\"font-weight: 400;\"> Hidalguense de Educaci\u00f3n para Adultos (IHEA)<\/span><\/p>\n<p style=\"text-align: justify;\"><span style=\"font-weight: 400;\">Adem\u00e1s \u00a0con los Centro de Prevenci\u00f3n y Atenci\u00f3n a Menores y Adolescentes en Riesgo (PAMAR), de igual manera se trabaja en conjunto con las presidencias municipales, tanto de manera directa como por medio del Sistema de Protecci\u00f3n Integral para Ni\u00f1os, Ni\u00f1as y Adolescentes (SIPNNA), municipal y estatal. <\/span><\/p>\n<p style=\"text-align: justify;\"><span style=\"font-weight: 400;\">Puntualiz\u00f3 que se trata de un programa abierto permanentemente y pueden solicitar su beca las adolescentes y j\u00f3venes, embarazadas o que ya son madres, que est\u00e1n en riesgo de abandonar la escuela, de estado civil indistinto (solteras, casadas, viudas, divorciadas y uni\u00f3n libre), que tengan entre 12 a\u00f1os y 18 a\u00f1os 11 meses de edad y que se encuentre estudiando la Educaci\u00f3n B\u00e1sica en el sistema escolarizado, no escolarizado u otro sistema de educaci\u00f3n.<\/span><\/p>\n<p style=\"text-align: justify;\"><span style=\"font-weight: 400;\">Inform\u00f3 que para mayor informaci\u00f3n y\/o comentarios, las interesadas pueden consultar la p\u00e1gina de internet: <\/span><a href=\"http:\/\/sep.hidalgo.gob.mx\/content\/acerca\/basica\/promajoven\/principal.html\"><span style=\"font-weight: 400;\">sep.hidalgo.gob.mx\/content\/acerca\/basica\/promajoven\/principal.html<\/span><\/a><span style=\"font-weight: 400;\"> o llamar en d\u00edas y horas h\u00e1biles a los tel\u00e9fonos 01 (771) 713 37 05 y 153 38 73 ext. 1013.<\/span><\/p>\n","protected":false},"excerpt":{"rendered":"<p>Con la finalidad de convertir a la educaci\u00f3n en el pilar del desarrollo imparti\u00e9ndola con calidad, pertinencia, equidad y cobertura total con estrategias que fomenten la competitividad de los procesos educativos, la Secretar\u00eda de Educaci\u00f3n P\u00fablica de Hidalgo (SEPH), a trav\u00e9s del Programa Nacional de Becas de Apoyo a la Educaci\u00f3n B\u00e1sica para Madres J\u00f3venes [&hellip;]<\/p>\n","protected":false},"author":6,"featured_media":0,"comment_status":"open","ping_status":"open","sticky":false,"template":"","format":"standard","meta":{"footnotes":""},"categories":[59],"tags":[],"class_list":["post-45260","post","type-post","status-publish","format-standard","hentry","category-general"],"_links":{"self":[{"href":"https:\/\/plazajuarez.mx\/historico\/wp-json\/wp\/v2\/posts\/45260","targetHints":{"allow":["GET"]}}],"collection":[{"href":"https:\/\/plazajuarez.mx\/historico\/wp-json\/wp\/v2\/posts"}],"about":[{"href":"https:\/\/plazajuarez.mx\/historico\/wp-json\/wp\/v2\/types\/post"}],"author":[{"embeddable":true,"href":"https:\/\/plazajuarez.mx\/historico\/wp-json\/wp\/v2\/users\/6"}],"replies":[{"embeddable":true,"href":"https:\/\/plazajuarez.mx\/historico\/wp-json\/wp\/v2\/comments?post=45260"}],"version-history":[{"count":0,"href":"https:\/\/plazajuarez.mx\/historico\/wp-json\/wp\/v2\/posts\/45260\/revisions"}],"wp:attachment":[{"href":"https:\/\/plazajuarez.mx\/historico\/wp-json\/wp\/v2\/media?parent=45260"}],"wp:term":[{"taxonomy":"category","embeddable":true,"href":"https:\/\/plazajuarez.mx\/historico\/wp-json\/wp\/v2\/categories?post=45260"},{"taxonomy":"post_tag","embeddable":true,"href":"https:\/\/plazajuarez.mx\/historico\/wp-json\/wp\/v2\/tags?post=45260"}],"curies":[{"name":"wp","href":"https:\/\/api.w.org\/{rel}","templated":true}]}}