{"id":45258,"date":"2017-07-27T13:12:05","date_gmt":"2017-07-27T13:12:05","guid":{"rendered":"http:\/\/plazajuarez.mx\/index\/index.php\/2017\/07\/27\/continuan-trabajos-de-pavimentacion-hidraulica-de-la-carretera-atotonilco-conejos\/"},"modified":"2017-07-27T13:12:05","modified_gmt":"2017-07-27T13:12:05","slug":"continuan-trabajos-de-pavimentacion-hidraulica-de-la-carretera-atotonilco-conejos","status":"publish","type":"post","link":"https:\/\/plazajuarez.mx\/historico\/continuan-trabajos-de-pavimentacion-hidraulica-de-la-carretera-atotonilco-conejos\/","title":{"rendered":"Contin\u00faan trabajos de pavimentaci\u00f3n  hidr\u00e1ulica de la carretera Atotonilco-Conejos"},"content":{"rendered":"<p>\u00a0<\/p>\n<p>\u00a0<\/p>\n<p><span style=\"font-weight: 400;\">El Jefe del Ejecutivo municipal reiter\u00f3 el compromiso de trabajar hasta el \u00faltimo d\u00eda de su gobierno y aclar\u00f3 que no lleg\u00f3 a competir con ning\u00fan partido pol\u00edtico, sino a demostrar que como ciudadano se pueden hacer bien las cosas.<\/span><\/p>\n<p>  <!--more-->  <\/p>\n<p><span style=\"font-weight: 400;\">Con una inversi\u00f3n de 6 millones 300 mil pesos el alcalde, Julio C\u00e9sar \u00c1ngeles Mendoza, acompa\u00f1ado de empresarios y ciudadanos dio ayer el banderazo de la continuaci\u00f3n de los trabajos de pavimentaci\u00f3n hidr\u00e1ulica de la carretera Atotonilco-Conejos.<\/span><\/p>\n<p><span style=\"font-weight: 400;\">Antes del banderazo del arranque de los trabajos en su tercera etapa se dio a conocer las especificaciones de la obra en las que se destac\u00f3 que se colocar\u00e1 concreto hidr\u00e1ulico premezclado RM45 de 25 cent\u00edmetros de espesor en una longitud de 6 mil 625 metros cuadrados, adem\u00e1s de que se colocar\u00e1 acero a cada 90 cent\u00edmetros.<\/span><\/p>\n<p><span style=\"font-weight: 400;\">Se explic\u00f3 que se har\u00e1 una excavaci\u00f3n en capa de 65 cent\u00edmetros de profundidad, compactaci\u00f3n del terreno natural, suministro y compactaci\u00f3n de todo el material utilizado. En los trabajos se invertir\u00e1 un mill\u00f3n 300 mil pesos de recursos propios y 5 millones de pesos del Fondo para el Fortalecimiento de la Infraestructura Municipal y Estatal.<\/span><\/p>\n<p><span style=\"font-weight: 400;\">Adem\u00e1s, se contempla que la carretera tendr\u00e1 un ancho de ocho metros, m\u00e1s el arroyo en ambos sentidos y se colocar\u00e1 un riego de impregnaci\u00f3n de emulsi\u00f3n asf\u00e1ltica de rompimiento lento tipo RL1-2H. <\/span><\/p>\n<p><span style=\"font-weight: 400;\">En su oportunidad el alcalde, Julio C\u00e9sar \u00c1ngeles Mendoza, agradeci\u00f3 la presencia de los asistentes y destac\u00f3 que la obra en esta etapa, \u201ces la que marca el inicio de la administraci\u00f3n y que se ejecutar\u00e1n trabajos de calidad, ya que el compromiso es que las obras tendr\u00e1n una duraci\u00f3n a largo plazo\u201d.<\/span><\/p>\n<p><span style=\"font-weight: 400;\">Dijo que se har\u00e1 una obra integral ya que se contemplan los trabajos hidr\u00e1ulicos, as\u00ed como banquetas, guarniciones y acotamientos, con la finalidad de que al final de la administraci\u00f3n no se le tenga que invertir un recurso m\u00e1s, por lo que invit\u00f3 a los vecinos que tiene alg\u00fan proyecto para la preparaci\u00f3n de sus terrenos que los lleven a cabo ya que posteriormente no se va permitir realizar cortes al \u00a0concreto.<\/span><\/p>\n<p><span style=\"font-weight: 400;\">\u00c1ngeles Mendoza, sin fijar fecha de terminaci\u00f3n de los trabajos, puntualiz\u00f3 que a obra se ejecutar\u00e1 en un tiempo r\u00e9cord, para afectar lo menos posible a la ciudadan\u00eda, por lo que hizo el compromiso de trabajar fuerte para entregar lo antes posible.<\/span><\/p>\n<p><span style=\"font-weight: 400;\">Reconoci\u00f3 la presencia del personal de Cementos Fortaleza que, dijo, es la empresa que junto con Caleras Beltr\u00e1n han colaborado en la actualizaci\u00f3n de los valores catastrales y de esa manera se calcule el pago del impuesto predial con la finalidad de recaudar mayor recurso para el municipio y devolverlos a la ciudadan\u00eda en obras de infraestructura de calidad.<\/span><\/p>\n<p><span style=\"font-weight: 400;\">El Alcalde aprovech\u00f3 para anunciar que una vez que concluyan la carretera Conejos-Atotonilco en los poco m\u00e1s de 2 kil\u00f3metros de concreto hidr\u00e1ulico se dar\u00e1 inicio a la carretera El Refugio. <\/span><\/p>\n<p><span style=\"font-weight: 400;\">En el acto estuvieron presentes la presidenta del DIF municipal, Marcela Mart\u00ednez Cervantes; el secretario general municipal, Ra\u00fal L\u00f3pez Ram\u00edrez; el director de Obras P\u00fablicas municipal, Emilio L\u00f3pez Mendoza; personal de la empresa Cementera Fortaleza; miembros de la asamblea municipal, funcionarios y ciudadan\u00eda en general de las comunidades aleda\u00f1as. <\/span><\/p>\n<p><span style=\"font-weight: 400;\"> \u00a0<\/span><\/p>\n","protected":false},"excerpt":{"rendered":"<p>\u00a0 \u00a0 El Jefe del Ejecutivo municipal reiter\u00f3 el compromiso de trabajar hasta el \u00faltimo d\u00eda de su gobierno y aclar\u00f3 que no lleg\u00f3 a competir con ning\u00fan partido pol\u00edtico, sino a demostrar que como ciudadano se pueden hacer bien las cosas.<\/p>\n","protected":false},"author":6,"featured_media":0,"comment_status":"open","ping_status":"open","sticky":false,"template":"","format":"standard","meta":{"footnotes":""},"categories":[40],"tags":[],"class_list":["post-45258","post","type-post","status-publish","format-standard","hentry","category-region"],"_links":{"self":[{"href":"https:\/\/plazajuarez.mx\/historico\/wp-json\/wp\/v2\/posts\/45258","targetHints":{"allow":["GET"]}}],"collection":[{"href":"https:\/\/plazajuarez.mx\/historico\/wp-json\/wp\/v2\/posts"}],"about":[{"href":"https:\/\/plazajuarez.mx\/historico\/wp-json\/wp\/v2\/types\/post"}],"author":[{"embeddable":true,"href":"https:\/\/plazajuarez.mx\/historico\/wp-json\/wp\/v2\/users\/6"}],"replies":[{"embeddable":true,"href":"https:\/\/plazajuarez.mx\/historico\/wp-json\/wp\/v2\/comments?post=45258"}],"version-history":[{"count":0,"href":"https:\/\/plazajuarez.mx\/historico\/wp-json\/wp\/v2\/posts\/45258\/revisions"}],"wp:attachment":[{"href":"https:\/\/plazajuarez.mx\/historico\/wp-json\/wp\/v2\/media?parent=45258"}],"wp:term":[{"taxonomy":"category","embeddable":true,"href":"https:\/\/plazajuarez.mx\/historico\/wp-json\/wp\/v2\/categories?post=45258"},{"taxonomy":"post_tag","embeddable":true,"href":"https:\/\/plazajuarez.mx\/historico\/wp-json\/wp\/v2\/tags?post=45258"}],"curies":[{"name":"wp","href":"https:\/\/api.w.org\/{rel}","templated":true}]}}