{"id":45245,"date":"2017-07-27T11:36:21","date_gmt":"2017-07-27T11:36:21","guid":{"rendered":"http:\/\/plazajuarez.mx\/index\/index.php\/2017\/07\/27\/dese-por-enterado-241\/"},"modified":"2020-04-14T19:08:02","modified_gmt":"2020-04-14T19:08:02","slug":"dese-por-enterado-241","status":"publish","type":"post","link":"https:\/\/plazajuarez.mx\/historico\/dese-por-enterado-241\/","title":{"rendered":"DESE POR ENTERADO"},"content":{"rendered":"<p>LIBELOS.- Por supuesto que alguien lo hizo, con un fin muy claro, por instrucciones de un interesado. Y en esta tarea elaboraron una versi\u00f3n ap\u00f3crifa en el programa In Design CC de Adobe, \u00a0la p\u00e1gina 2 de la secci\u00f3n A de nuestro peri\u00f3dico para colocar un texto, hasta eso no tan mal redactado, y firm\u00e1rselo a nuestro Subdirector de Operaciones, Adalberto, para luego enviarla por correo electr\u00f3nico a diestra y siniestra. El contenido hace evidente una furia poco contenida en contra del actual gobernador, Omar Fayad Meneses, por las acciones en contra de la corrupci\u00f3n detectada en dependencias como la Secretar\u00eda de Educaci\u00f3n P\u00fablica, de tal modo que la identidad de los autores intelectuales resulta muy f\u00e1cil de encontrar. Para mal de los maledicentes autores, la s\u00f3lida carrera de nuestro Subdirector ha generado una respuesta solidaria inmediata de compa\u00f1eros de otros medios.<\/p>\n<p>  <!--more-->  <\/p>\n<p>\u00a0\u00a0 \u00a0\u00a0\u00a0 \u00a0\u00a0\u00a0 \u00a0\u00a0\u00a0 \u00a0\u00a0\u00a0 \u00a0***<\/p>\n<p>HAY RABIA, Y NO DE LA BUENA.- Los otrora grupos poderosos que se vieron beneficiados durante sexenios y sexenios en el estado, y que aportaron poco menos que nada al bienestar de los hidalguenses, han decidido poner en marcha una estrategia desestabilizadora contra la administraci\u00f3n del gobernador Fayad Meneses, ya no para intentar recuperar sus canonj\u00edas, sino simplemente cobrar venganza por las afrentas que, seg\u00fan ellos, han recibido sin merecerlas. De tal modo que buscan pelea cual valentones en la cocina. Pero de que se regrese a lo de antes y de nuevo retomen sus plenos poderes no, nom\u00e1s no.<\/p>\n<p>\u00a0\u00a0 \u00a0\u00a0\u00a0 \u00a0\u00a0\u00a0 \u00a0\u00a0\u00a0 \u00a0\u00a0\u00a0 \u00a0***<\/p>\n<p>PACHUCA YA TIENE SU PROPIA CHARREZ.- \u00bfSe acuerdan del ex Emperador del Valle del Mezquital, el ex alcalde Cipriano Charrez que nunca de los nuncas quiso coordinarse con el gobierno estatal en ning\u00fan rubro, porque era \u201caut\u00f3nomo e independiente\u201d? Pues resulta que la presidenta municipal de Pachuca, Yolanda Teller\u00eda, quiere seguir sus pasos y en una de esas declara a la capital hidalguense territorio libre y soberano. El peque\u00f1o problemilla es que hablamos del municipio m\u00e1s importante en poblaci\u00f3n de la entidad, y los problemas que ya causa esta necedad de no querer coordinarse con las autoridades estatales, puede complicar a\u00fan m\u00e1s problemas como los de seguridad, por ejemplo.<\/p>\n<p>\u00a0\u00a0 \u00a0\u00a0\u00a0 \u00a0\u00a0\u00a0 \u00a0\u00a0\u00a0 \u00a0\u00a0\u00a0 \u00a0***<\/p>\n<p>CITLALI JARAMILLO.- La titular de la Contralor\u00eda ha dado muestras claras de que \u00a0no es de las que gustan hablar por hablar, y cuando avisa que ha encontrado cosas poco claras en dependencias como Educaci\u00f3n P\u00fablica y SALUD, luego entonces los que saben que tomaron lo que no era de ellos, mejor que avisen a sus parientes para que les lleven cigarros una vez que reciban sus uniformes de rayas. Va en serio y mejor que lo tomen en serio. Todo indica que el Cereso de Pachuca tendr\u00e1 un buen n\u00famero de internos de lujo en las pr\u00f3ximas semanas.<\/p>\n<p>\u00a0\u00a0 \u00a0\u00a0\u00a0 \u00a0\u00a0\u00a0 \u00a0\u00a0\u00a0 \u00a0\u00a0\u00a0 \u00a0***<\/p>\n<p>desexenerado@gmail.com<br \/>@desexenterado<\/p>\n","protected":false},"excerpt":{"rendered":"<p>LIBELOS.- Por supuesto que alguien lo hizo, con un fin muy claro, por instrucciones de un interesado. Y en esta tarea elaboraron una versi\u00f3n ap\u00f3crifa en el programa In Design CC de Adobe, \u00a0la p\u00e1gina 2 de la secci\u00f3n A de nuestro peri\u00f3dico para colocar un texto, hasta eso no tan mal redactado, y firm\u00e1rselo [&hellip;]<\/p>\n","protected":false},"author":93,"featured_media":0,"comment_status":"open","ping_status":"open","sticky":false,"template":"","format":"standard","meta":{"footnotes":""},"categories":[83,42],"tags":[66],"class_list":["post-45245","post","type-post","status-publish","format-standard","hentry","category-dese-por-enterado","category-nuestrapalabra","tag-dese"],"_links":{"self":[{"href":"https:\/\/plazajuarez.mx\/historico\/wp-json\/wp\/v2\/posts\/45245","targetHints":{"allow":["GET"]}}],"collection":[{"href":"https:\/\/plazajuarez.mx\/historico\/wp-json\/wp\/v2\/posts"}],"about":[{"href":"https:\/\/plazajuarez.mx\/historico\/wp-json\/wp\/v2\/types\/post"}],"author":[{"embeddable":true,"href":"https:\/\/plazajuarez.mx\/historico\/wp-json\/wp\/v2\/users\/93"}],"replies":[{"embeddable":true,"href":"https:\/\/plazajuarez.mx\/historico\/wp-json\/wp\/v2\/comments?post=45245"}],"version-history":[{"count":0,"href":"https:\/\/plazajuarez.mx\/historico\/wp-json\/wp\/v2\/posts\/45245\/revisions"}],"wp:attachment":[{"href":"https:\/\/plazajuarez.mx\/historico\/wp-json\/wp\/v2\/media?parent=45245"}],"wp:term":[{"taxonomy":"category","embeddable":true,"href":"https:\/\/plazajuarez.mx\/historico\/wp-json\/wp\/v2\/categories?post=45245"},{"taxonomy":"post_tag","embeddable":true,"href":"https:\/\/plazajuarez.mx\/historico\/wp-json\/wp\/v2\/tags?post=45245"}],"curies":[{"name":"wp","href":"https:\/\/api.w.org\/{rel}","templated":true}]}}