{"id":45193,"date":"2017-07-26T11:36:59","date_gmt":"2017-07-26T11:36:59","guid":{"rendered":"http:\/\/plazajuarez.mx\/index\/index.php\/2017\/07\/26\/sedeso-refuerza-el-lenguaje-incluyente\/"},"modified":"2017-07-26T11:36:59","modified_gmt":"2017-07-26T11:36:59","slug":"sedeso-refuerza-el-lenguaje-incluyente","status":"publish","type":"post","link":"https:\/\/plazajuarez.mx\/historico\/sedeso-refuerza-el-lenguaje-incluyente\/","title":{"rendered":"SEDESO REFUERZA EL LENGUAJE INCLUYENTE"},"content":{"rendered":"<p>EN EL D\u00cdA NARANJA \u00a0\u00a0 <br \/>\u00a0\u00a0 \u00a0\u2022\u00a0\u00a0 \u00a0Realiz\u00f3 la capacitaci\u00f3n \u201cLenguaje Incluyente no sexista\u201d,dirigida al personal que labora en la dependencia\u2028<\/p>\n<p>  <!--more-->  <\/p>\n<p>En la constante b\u00fasqueda de tener una sociedad y \u00e1mbitos laborales incluyentes, la Secretar\u00eda de Desarrollo Social (Sedeso) realiz\u00f3 la capacitaci\u00f3n \u201cLenguaje Incluyente no sexista\u201d, mismo del que fueron part\u00edcipes compa\u00f1eras y compa\u00f1eros de esta dependencia y tuvo lugar en las instalaciones del Instituto Hidalguense de Participaci\u00f3n Social (IHPS).<br \/>Ha sido instrucci\u00f3n del secretario de Desarrollo Social, Daniel Rolando Jim\u00e9nez Rojo, que las actividades con motivo del D\u00eda Naranja se mantengan y fortalezcan en el af\u00e1n de que esto se vuelva parte de la vida diaria de las personas que laboran en la Sedeso, y que generan instituciones sanas y con una visi\u00f3n apegada a lo que busca este gobierno. <\/p>\n","protected":false},"excerpt":{"rendered":"<p>EN EL D\u00cdA NARANJA \u00a0\u00a0 \u00a0\u00a0 \u00a0\u2022\u00a0\u00a0 \u00a0Realiz\u00f3 la capacitaci\u00f3n \u201cLenguaje Incluyente no sexista\u201d,dirigida al personal que labora en la dependencia\u2028<\/p>\n","protected":false},"author":93,"featured_media":0,"comment_status":"open","ping_status":"open","sticky":false,"template":"","format":"standard","meta":{"footnotes":""},"categories":[59],"tags":[],"class_list":["post-45193","post","type-post","status-publish","format-standard","hentry","category-general"],"_links":{"self":[{"href":"https:\/\/plazajuarez.mx\/historico\/wp-json\/wp\/v2\/posts\/45193","targetHints":{"allow":["GET"]}}],"collection":[{"href":"https:\/\/plazajuarez.mx\/historico\/wp-json\/wp\/v2\/posts"}],"about":[{"href":"https:\/\/plazajuarez.mx\/historico\/wp-json\/wp\/v2\/types\/post"}],"author":[{"embeddable":true,"href":"https:\/\/plazajuarez.mx\/historico\/wp-json\/wp\/v2\/users\/93"}],"replies":[{"embeddable":true,"href":"https:\/\/plazajuarez.mx\/historico\/wp-json\/wp\/v2\/comments?post=45193"}],"version-history":[{"count":0,"href":"https:\/\/plazajuarez.mx\/historico\/wp-json\/wp\/v2\/posts\/45193\/revisions"}],"wp:attachment":[{"href":"https:\/\/plazajuarez.mx\/historico\/wp-json\/wp\/v2\/media?parent=45193"}],"wp:term":[{"taxonomy":"category","embeddable":true,"href":"https:\/\/plazajuarez.mx\/historico\/wp-json\/wp\/v2\/categories?post=45193"},{"taxonomy":"post_tag","embeddable":true,"href":"https:\/\/plazajuarez.mx\/historico\/wp-json\/wp\/v2\/tags?post=45193"}],"curies":[{"name":"wp","href":"https:\/\/api.w.org\/{rel}","templated":true}]}}