{"id":45192,"date":"2017-07-26T11:36:20","date_gmt":"2017-07-26T11:36:20","guid":{"rendered":"http:\/\/plazajuarez.mx\/index\/index.php\/2017\/07\/26\/alfil-negro-866\/"},"modified":"2017-07-26T11:36:20","modified_gmt":"2017-07-26T11:36:20","slug":"alfil-negro-866","status":"publish","type":"post","link":"https:\/\/plazajuarez.mx\/historico\/alfil-negro-866\/","title":{"rendered":"ALFIL NEGRO"},"content":{"rendered":"<p>EN LA SEGURIDAD NO S\u00d3LO EXIGIR,<br \/>TAMBI\u00c9N COLABORAR DICE EL GOBER<br \/>El Gobernador OMAR FAYAD dijo ayer que el ex mandatario y actual Secretario de Gobernaci\u00f3n MIGUEL \u00c1NGEL OSORIO CHONG, \u00a0tiene trabajo y merecimientos para ser el abanderado del PRI para la Presidencia de M\u00e9xico, pero que ser\u00e1 el partido el que decida este tema y desde luego el propio \u00a0OSORIO <br \/>&#8212;&#8212;&#8212;&#8212;&#8212;&#8212;&#8212;&#8212;&#8212;&#8212;&#8212;&#8212;&#8212;&#8212;&#8212;&#8212;&#8212;&#8212;&#8212;&#8212;&#8212;&#8212;&#8212;&#8212;&#8212;&#8212;&#8212;&#8212;&#8212;-<\/p>\n<p>  <!--more-->  <\/p>\n<p>El d\u00eda de ayer con m\u00e1s intenci\u00f3n grilla que direcci\u00f3n sana, por lo menos eso pareci\u00f3, el organismo SEM\u00c1FORO DELICTIVO dio a conocer que este a\u00f1o del 2017 es el \u00a0m\u00e1s violento desde hace 20, de tal manera que con subrayado se dijo que ni en los tiempos de Calder\u00f3n, referente obligado en estos asuntos , se tuvieron las cifras que se tienen en este a\u00f1o, en que se tienen 85 asesinatos por d\u00eda cuando la cifra de antes eran de 45.<br \/>SANTIAGO ROEL, Director General de este Sem\u00e1foro se regodeaba al se\u00f1alar que la causa de todo era la necedad del gobierno mexicano, particularmente del Presidente Pe\u00f1a Nieto y de Osorio Chong que han implementado una pol\u00edtica de seguridad que desde su punto de vista no funciona, pues lo ideal y seguro es manejar con sabidur\u00eda el tema de las drogas, como se hace en Turqu\u00eda y otros pa\u00edses. Es decir que el se\u00f1or Santiago tiene la respuesta para arreglar el asunto, nada m\u00e1s que no lo han llamado.<br \/>\u00a0Como son tiempos electorales habr\u00eda que ver con mucho cuidado lo que declara el santo se\u00f1or, porque todo lo que ocurra en estos d\u00edas se tienen que ver con este cristal electoral para atinarle, pues de otro modo corre uno el peligro de actuar con candidez de santo inocente, con estos viejos lobos de bar, que con todo y su cara de redentores del pa\u00eds tienen sin duda su jueguito en esto del 2018.<br \/>Por cierto nuestro estado de Hidalgo, con todo y los hechos recientes de \u2013Tizayuca \u00a0y la violencia que no se puede negar que ha crecido, no se ubica dentro de las entidades m\u00e1s violentas de M\u00e9xico y s\u00ed como una de las entidades \u00a0tranquilas, para descontento de quienes quisieran ver a nuestro estado calificado como estado en rojo sangre.<br \/>LLAMADO URGENTE DEL GOBERNADOR FAYAD<br \/>El d\u00eda de ayer el gobernador OMAR FAYAD, al t\u00e9rmino de la entrega de la medalla MIGUEL HIDALGO Y COSTILLA, a los hijos del maestro RAM\u00d3N G. BONFIL, \u00a0habl\u00f3 sobre el tema de la seguridad.<br \/>Dijo que en breve se presentar\u00e1 el plan integral para reforzar el tema de la seguridad, en que al esfuerzo del gobierno se debe contar como parte esencial la participaci\u00f3n de la sociedad.<br \/>Dijo que es necesario que la sociedad participe, pues sucede que en los robos que se han dado en las plazas comerciales, la petici\u00f3n de ayuda ha tardado hasta cuarenta minutos y cuando llega la polic\u00eda se encuentra con la negativa de los encargados de los negocios asaltados a proporcionar los videos de sus c\u00e1maras de seguridad. \u201cEs como si les pidieran el tesoro de Moctezuma\u201d, pues no hay modo de que proporcionen el video del robo .<br \/>Y anunci\u00f3 que en breve se dar\u00e1 a conocer un programa en el cual se especificar\u00e1 \u00a0que si un banco se quiere establecer, sino ponen c\u00e1maras afuera no habr\u00e1 permiso de uso de suelo.<br \/>Lament\u00f3 de igual manera que los establecimientos comerciales instalen sofisticados sistemas de video vigilancia AL INTERIOR y afuera \u00a0no instalen uno solo para grabar a los ladrones, se\u00f1al\u00f3 que no es posible que ciertas plazas comerciales construyan estacionamientos impresionantes \u00a0y no quieran construir bardas perimetrales, ni quieran tener los sistemas de videovigilancia necesarios e incluso esas negativas se pueden interpretar como complicidad con los ladrones.<br \/>A\u00f1adi\u00f3 que todo esto se dar\u00e1 a conocer a la brevedad, pero que ser\u00e1 la denuncia ciudadana un elemento clave para que todo funcione.<br \/>Y raz\u00f3n no le falta, sobre todo en el papel que deben jugar los due\u00f1os de los negocios que se deben involucrar m\u00e1s en la seguridad, pues tal parece que no les importa por su actitud que se ve por lo menos rara y da qu\u00e9 pensar.<\/p>\n","protected":false},"excerpt":{"rendered":"<p>EN LA SEGURIDAD NO S\u00d3LO EXIGIR,TAMBI\u00c9N COLABORAR DICE EL GOBEREl Gobernador OMAR FAYAD dijo ayer que el ex mandatario y actual Secretario de Gobernaci\u00f3n MIGUEL \u00c1NGEL OSORIO CHONG, \u00a0tiene trabajo y merecimientos para ser el abanderado del PRI para la Presidencia de M\u00e9xico, pero que ser\u00e1 el partido el que decida este tema y desde [&hellip;]<\/p>\n","protected":false},"author":93,"featured_media":0,"comment_status":"open","ping_status":"open","sticky":false,"template":"","format":"standard","meta":{"footnotes":""},"categories":[42],"tags":[],"class_list":["post-45192","post","type-post","status-publish","format-standard","hentry","category-nuestrapalabra"],"_links":{"self":[{"href":"https:\/\/plazajuarez.mx\/historico\/wp-json\/wp\/v2\/posts\/45192","targetHints":{"allow":["GET"]}}],"collection":[{"href":"https:\/\/plazajuarez.mx\/historico\/wp-json\/wp\/v2\/posts"}],"about":[{"href":"https:\/\/plazajuarez.mx\/historico\/wp-json\/wp\/v2\/types\/post"}],"author":[{"embeddable":true,"href":"https:\/\/plazajuarez.mx\/historico\/wp-json\/wp\/v2\/users\/93"}],"replies":[{"embeddable":true,"href":"https:\/\/plazajuarez.mx\/historico\/wp-json\/wp\/v2\/comments?post=45192"}],"version-history":[{"count":0,"href":"https:\/\/plazajuarez.mx\/historico\/wp-json\/wp\/v2\/posts\/45192\/revisions"}],"wp:attachment":[{"href":"https:\/\/plazajuarez.mx\/historico\/wp-json\/wp\/v2\/media?parent=45192"}],"wp:term":[{"taxonomy":"category","embeddable":true,"href":"https:\/\/plazajuarez.mx\/historico\/wp-json\/wp\/v2\/categories?post=45192"},{"taxonomy":"post_tag","embeddable":true,"href":"https:\/\/plazajuarez.mx\/historico\/wp-json\/wp\/v2\/tags?post=45192"}],"curies":[{"name":"wp","href":"https:\/\/api.w.org\/{rel}","templated":true}]}}