{"id":45189,"date":"2017-07-26T11:34:35","date_gmt":"2017-07-26T11:34:35","guid":{"rendered":"http:\/\/plazajuarez.mx\/index\/index.php\/2017\/07\/26\/dese-por-enterado-240\/"},"modified":"2020-04-14T19:08:02","modified_gmt":"2020-04-14T19:08:02","slug":"dese-por-enterado-240","status":"publish","type":"post","link":"https:\/\/plazajuarez.mx\/historico\/dese-por-enterado-240\/","title":{"rendered":"DESE POR ENTERADO"},"content":{"rendered":"<p>Y FALTA LA SECRETAR\u00cdA DE SALUD.- Pues f\u00edjese usted que las tranzas detectadas en la Secretar\u00eda de Educaci\u00f3n P\u00fablica, ser\u00e1n poca cosa con lo que est\u00e1 por darse a conocer que sucedi\u00f3 en la Secretar\u00eda de Salud. Ah\u00ed s\u00ed, afirman, ser\u00e1 para irse de espaldas. Lo sucedido en la SEPH es de jard\u00edn de ni\u00f1os con lo que pas\u00f3 en la otra dependencia. Vaya que muchos van a poner el grito al cielo, porque la cosa es muy, pero muy seria. As\u00ed que los que ya sienten pasos en la azotea, mejor que encomienden su alma al Todopoderoso. Ya se oye el rechinar de dientes.<\/p>\n<p>  <!--more-->  <\/p>\n<p>\u00a0\u00a0 \u00a0\u00a0\u00a0 \u00a0\u00a0\u00a0 \u00a0\u00a0\u00a0 \u00a0\u00a0\u00a0 \u00a0***<\/p>\n<p>O ME DAS PERMISOS O TE PEGO.- Pr\u00f3speros empresarios de la construcci\u00f3n, beneficiados a\u00f1os y a\u00f1os con permisos para edificar decenas de fraccionamientos, de pronto se toparon con que les hab\u00eda sido cerrada la llave. Y raudos y presurosos mantienen una campa\u00f1a para \u201cablandar\u201d al que ha osado tocarlos con el p\u00e9talo de un NO rotundo a sus pretensiones. Por eso jalan de donde pueden piedras para tundirle y recibir a cambio los ansiados permisos para uso de suelo y hacer m\u00e1s y m\u00e1s casa, aunque en la zona metropolitana simplemente sobran. <\/p>\n<p>\u00a0\u00a0 \u00a0\u00a0\u00a0 \u00a0\u00a0\u00a0 \u00a0\u00a0\u00a0 \u00a0\u00a0\u00a0 \u00a0***<\/p>\n<p>LOS CUADROS POL\u00cdTICOS DE LA IP.- De siempre es criticado el cacicazgo que se registra en un partido pol\u00edtico como el PRI. Sus vecinos, los del PAN, se rasgan las vestiduras y se\u00f1alan con dedo flam\u00edgero que eso no puede ser, que es una afrenta al ejercicio democr\u00e1tico de un pa\u00eds. Pero no est\u00e1n lejanos de esa pr\u00e1ctica. La iniciativa privada, relacionada en autom\u00e1tico con Acci\u00f3n Nacional, tambi\u00e9n fundamenta la posesi\u00f3n del poder en la sucesi\u00f3n en cargos de elecci\u00f3n popular por dinast\u00edas. Por lo mientras es constante la versi\u00f3n de que la actual presidenta del DIF Pachuca, Paula Ludlow Teller\u00eda, buscar\u00e1 ser nominada a una diputaci\u00f3n federal, incluso por la v\u00eda plurinominal a fin de que asegure su presencia en el Congreso de la Uni\u00f3n. <\/p>\n<p>\u00a0\u00a0 \u00a0\u00a0\u00a0 \u00a0\u00a0\u00a0 \u00a0\u00a0\u00a0 \u00a0\u00a0\u00a0 \u00a0***<\/p>\n<p>SIGUE LA \u201cPELEA\u201d ENTRE LOS CHARREZ.- M\u00e1s de una vez le han tomado el pelo a sus seguidores al aparentar que se odian con odio jarocho. Pero luego que consiguen sus fines, siempre misteriosos, los hermanitos Charrez, Cipriano y Pascual, siguen como si nada. De tal modo que mejor no creerles. Lo que si es muy, pero muy cierto, es que su proyecto pol\u00edtico tiene contemplados da\u00f1os \u201ccolaterales\u201d, que casi siempre resultan ser los habitantes de Ixmiquilpan. Tienen el poder pol\u00edtico de la regi\u00f3n ante un achicopalado grupo que prometi\u00f3 mucho y nom\u00e1s no dio nada al Revolucionario Institucional, de tal modo que la calamidad de los Charrez, va para largo.<\/p>\n<p>\u00a0\u00a0 \u00a0\u00a0\u00a0 \u00a0\u00a0\u00a0 \u00a0\u00a0\u00a0 \u00a0\u00a0\u00a0 \u00a0***<\/p>\n<p>Por hoy, usted puede DARSE POR ENTERADO<br \/>desexenterado@gmail.com<br \/>@desexenterado<\/p>\n","protected":false},"excerpt":{"rendered":"<p>Y FALTA LA SECRETAR\u00cdA DE SALUD.- Pues f\u00edjese usted que las tranzas detectadas en la Secretar\u00eda de Educaci\u00f3n P\u00fablica, ser\u00e1n poca cosa con lo que est\u00e1 por darse a conocer que sucedi\u00f3 en la Secretar\u00eda de Salud. Ah\u00ed s\u00ed, afirman, ser\u00e1 para irse de espaldas. Lo sucedido en la SEPH es de jard\u00edn de ni\u00f1os [&hellip;]<\/p>\n","protected":false},"author":93,"featured_media":0,"comment_status":"open","ping_status":"open","sticky":false,"template":"","format":"standard","meta":{"footnotes":""},"categories":[83,42],"tags":[66],"class_list":["post-45189","post","type-post","status-publish","format-standard","hentry","category-dese-por-enterado","category-nuestrapalabra","tag-dese"],"_links":{"self":[{"href":"https:\/\/plazajuarez.mx\/historico\/wp-json\/wp\/v2\/posts\/45189","targetHints":{"allow":["GET"]}}],"collection":[{"href":"https:\/\/plazajuarez.mx\/historico\/wp-json\/wp\/v2\/posts"}],"about":[{"href":"https:\/\/plazajuarez.mx\/historico\/wp-json\/wp\/v2\/types\/post"}],"author":[{"embeddable":true,"href":"https:\/\/plazajuarez.mx\/historico\/wp-json\/wp\/v2\/users\/93"}],"replies":[{"embeddable":true,"href":"https:\/\/plazajuarez.mx\/historico\/wp-json\/wp\/v2\/comments?post=45189"}],"version-history":[{"count":0,"href":"https:\/\/plazajuarez.mx\/historico\/wp-json\/wp\/v2\/posts\/45189\/revisions"}],"wp:attachment":[{"href":"https:\/\/plazajuarez.mx\/historico\/wp-json\/wp\/v2\/media?parent=45189"}],"wp:term":[{"taxonomy":"category","embeddable":true,"href":"https:\/\/plazajuarez.mx\/historico\/wp-json\/wp\/v2\/categories?post=45189"},{"taxonomy":"post_tag","embeddable":true,"href":"https:\/\/plazajuarez.mx\/historico\/wp-json\/wp\/v2\/tags?post=45189"}],"curies":[{"name":"wp","href":"https:\/\/api.w.org\/{rel}","templated":true}]}}