{"id":44917,"date":"2017-07-21T15:04:57","date_gmt":"2017-07-21T15:04:57","guid":{"rendered":"http:\/\/plazajuarez.mx\/index\/index.php\/2017\/07\/21\/ayuntamiento-firmo-convenio-con-el-centro-oncologico-internacional\/"},"modified":"2017-07-21T15:04:57","modified_gmt":"2017-07-21T15:04:57","slug":"ayuntamiento-firmo-convenio-con-el-centro-oncologico-internacional","status":"publish","type":"post","link":"https:\/\/plazajuarez.mx\/historico\/ayuntamiento-firmo-convenio-con-el-centro-oncologico-internacional\/","title":{"rendered":"Ayuntamiento firm\u00f3 convenio con el Centro Oncol\u00f3gico Internacional"},"content":{"rendered":"<p>Tizayuca <\/p>\n<p>\u00a0\u00a0 \u00a0\u2022\u00a0\u00a0 \u00a0Atender\u00e1n c\u00e1ncer de mama, colon y recto a los habitantes que lo requieran \u2028<\/p>\n<p>  <!--more-->  <\/p>\n<p>El presidente municipal, Gabriel Garc\u00eda Rojas, y la presidenta y directora del Sistema Municipal para el Desarrollo Integral de la Familia (SMDIF), Juana Garc\u00eda Rojas, firmaron un convenio con el director del Centro Oncol\u00f3gico Internacional (COI), Rafael Castro, para atender a la poblaci\u00f3n tizayuquense.<br \/>El evento se llev\u00f3 a cabo en el marco de la d\u00e9cimo cuarta Jornada de Salud; que se realiz\u00f3 en la explanada municipal, donde se ofertaron los servicios de: paquete ginecol\u00f3gico por parte de la Fundaci\u00f3n Luis Pasteur; consulta m\u00e9dica general y dental; esc\u00e1ner biomagn\u00e9tico, densitometr\u00eda \u00f3sea, esterilizaci\u00f3n de perros y gatos, consulta de ortopedia, rastreo auditivo, examen de la vista, pl\u00e1ticas sobre la cultura del cuidado del agua y asesor\u00edas jur\u00eddicas.<br \/>Al respecto, el Alcalde manifest\u00f3 que este es el primer convenio en atenci\u00f3n de c\u00e1ncer que se firm\u00f3 en el municipio; y les permitir\u00e1 atender el c\u00e1ncer de mama, colon y recto.<br \/>El c\u00e1ncer es una enfermedad cr\u00f3nico-degenerativa. Es por ello que el Gobierno Municipal, a trav\u00e9s del Sistema DIF, que dirige Juana Garc\u00eda Rojas, se encuentra ocupado en implementar las medidas necesarias que le permitan prevenirlo y atenderlo, dijo el Alcalde.<br \/>La titular del Sistema DIF municipal coment\u00f3 que esta no es la primera vez que realizan obras para para prevenir y atender el c\u00e1ncer, anteriormente trabajaron con la Fundaci\u00f3n Luis Pasteur A.C. para prevenir y atender el c\u00e1ncer de mama y cervicouterino entre la poblaci\u00f3n femenina.<br \/>Anunci\u00f3 que con base en este convenio, el Centro Oncol\u00f3gico Internacional se suma a las jornadas m\u00e9dicas que se realizan a trav\u00e9s del \u00e1rea de Salud del DIF cada quince d\u00edas, de manera itinerante en las diferentes colonias del municipio.<br \/>En su intervenci\u00f3n, Rafael Castro, director general del Centro Oncol\u00f3gico Internacional (COI), precis\u00f3 que ante el exponencial crecimiento del c\u00e1ncer, \u00e9ste se ha considerado como la enfermedad del siglo, pues contin\u00faa creciendo, y se puede presentar en ambos g\u00e9neros y a cualquier edad. <br \/>Por su parte, Jorge Alberto Lara Gonz\u00e1lez, secretario de Finanzas del municipio, coment\u00f3 que para poder tener una vida sana, el Ayuntamiento de Tizayuca a trav\u00e9s de varias \u00e1reas, lleva a cabo diferentes acciones encaminadas a ofrecer una alimentaci\u00f3n sana, nutritiva y equilibrada a la sociedad; activaciones f\u00edsicas y jornadas de atenci\u00f3n m\u00e9dica que contribuyan al cuidado de la salud de los habitantes.<\/p>\n","protected":false},"excerpt":{"rendered":"<p>Tizayuca \u00a0\u00a0 \u00a0\u2022\u00a0\u00a0 \u00a0Atender\u00e1n c\u00e1ncer de mama, colon y recto a los habitantes que lo requieran \u2028<\/p>\n","protected":false},"author":93,"featured_media":0,"comment_status":"open","ping_status":"open","sticky":false,"template":"","format":"standard","meta":{"footnotes":""},"categories":[40],"tags":[],"class_list":["post-44917","post","type-post","status-publish","format-standard","hentry","category-region"],"_links":{"self":[{"href":"https:\/\/plazajuarez.mx\/historico\/wp-json\/wp\/v2\/posts\/44917","targetHints":{"allow":["GET"]}}],"collection":[{"href":"https:\/\/plazajuarez.mx\/historico\/wp-json\/wp\/v2\/posts"}],"about":[{"href":"https:\/\/plazajuarez.mx\/historico\/wp-json\/wp\/v2\/types\/post"}],"author":[{"embeddable":true,"href":"https:\/\/plazajuarez.mx\/historico\/wp-json\/wp\/v2\/users\/93"}],"replies":[{"embeddable":true,"href":"https:\/\/plazajuarez.mx\/historico\/wp-json\/wp\/v2\/comments?post=44917"}],"version-history":[{"count":0,"href":"https:\/\/plazajuarez.mx\/historico\/wp-json\/wp\/v2\/posts\/44917\/revisions"}],"wp:attachment":[{"href":"https:\/\/plazajuarez.mx\/historico\/wp-json\/wp\/v2\/media?parent=44917"}],"wp:term":[{"taxonomy":"category","embeddable":true,"href":"https:\/\/plazajuarez.mx\/historico\/wp-json\/wp\/v2\/categories?post=44917"},{"taxonomy":"post_tag","embeddable":true,"href":"https:\/\/plazajuarez.mx\/historico\/wp-json\/wp\/v2\/tags?post=44917"}],"curies":[{"name":"wp","href":"https:\/\/api.w.org\/{rel}","templated":true}]}}