{"id":44873,"date":"2017-07-20T05:15:02","date_gmt":"2017-07-20T05:15:02","guid":{"rendered":"http:\/\/plazajuarez.mx\/index\/index.php\/2017\/07\/20\/alfil-negro-859\/"},"modified":"2017-07-20T05:15:02","modified_gmt":"2017-07-20T05:15:02","slug":"alfil-negro-859","status":"publish","type":"post","link":"https:\/\/plazajuarez.mx\/historico\/alfil-negro-859\/","title":{"rendered":"ALFIL NEGRO"},"content":{"rendered":"<p>CUANDO S\u00d3LO SE QUIERE VER CON UN OJO<br \/>Parece que para dar una opini\u00f3n de los hechos \u00a0y ser objetivos y justos se deben ver las cosas con los dos ojos o lo que es lo mismo, pesar las cosas buenas y malas de lo que se pone en an\u00e1lisis y despu\u00e9s emitir una opini\u00f3n apegada a esos valores para tener la conciencia tranquila en el sentido de no emitir un juicio nacido de intenciones ajenas a la verdad.<\/p>\n<p>  <!--more-->  <\/p>\n<p>Porque \u00a0eso parece, sobre todo en pol\u00edtica, las opiniones, todas valederas desde luego nacen \u00a0de los hechos que se presentan y luego se juzgan , faltaba m\u00e1s, desde la perspectiva personal de quien lo hace, con los valores de juicio que se tienen por la experiencia, calidad acad\u00e9mica que se haya logrado en la escuela, y responsabilidad social por el peso que pueda tener la opini\u00f3n que se exprese y que se supone est\u00e1 presente \u00a0en el opinador siempre.<br \/>Es aqu\u00ed donde al parecer se dan varias posturas que vale la pena mirar con cuidado y con respeto para quienes con valor dan sus puntos de vista con responsabilidad y otros que a lo mejor no tanto.<br \/>De un tiempo a la fecha se tiene la impresi\u00f3n de que con todo el derecho que se tiene en la libertad de expresi\u00f3n y qu\u00e9 bueno que se tenga y se ejerza en M\u00e9xico, pero sobre todo que se respete, hay la impresi\u00f3n de que ver los hechos con los dos ojos no deja ganancias y que lo redituable es juzgar los acontecimientos y la actividad pol\u00edtica sobre todo, con un solo ojo, de preferencia el izquierdo porque eso permite mejores dividendos.<br \/>Aunque hacerlo s\u00f3lo con el derecho tampoco es mala inversi\u00f3n.<br \/>Y mal negocio hacerlo con los dos ojos, porque el equilibrio y la objetividad como que no deja.<br \/>En los \u00faltimos tiempos como que la moda es negarle al de enfrente cualquier m\u00e9rito y al rev\u00e9s culparlo de todos los males habidos y por haber, de tal manera que a nivel nacional \u00a0el Presidente de la Rep\u00fablica es el culpable hasta de que pierda el Am\u00e9rica y el Cruz Azul haya ca\u00eddo en los \u00faltimos tiempos en un socav\u00f3n.<br \/>Al Presidente no se le reconoce nada y se le culpa de todo, lo mismo que al PRI. Es una moda y decir lo contrario es inconcebible para muchos, porque as\u00ed se ha construido ya un dogma.<br \/>La cuesti\u00f3n es que como en todo, tanto el Presidente como el PRI deben tener fallas pero tambi\u00e9n aciertos, pero esos no se dicen ni se aceptan. Vaya hasta a priistas \u00a0les cuesta hablar bien del Presidente y con eso est\u00e1 dicho todo.<br \/>\u00a0Y sobre este dogma se construyen axiomas absurdas como que : \u201cEl PRI est\u00e1 condenado a perder en el 2018\u201d , lo que tiene sus asegunes hasta que no se de la votaci\u00f3n , aunque luego se descalifique por no coincidir con la profec\u00eda anunciada por los voceros de la verdad absoluta que en los hechos no es tal.<br \/>En los hechos nadie denigra tanto a M\u00e9xico como los mismos mexicanos que se encargan todos los d\u00edas de taladrar en la conciencia mundial y nacional ya hasta como negocio, que aqu\u00ed no se respetan los derechos humanos, que vivimos en una realidad el terror, que el crimen se ense\u00f1orea en todo el pa\u00eds, que no progresamos, que la pobreza nos azota y mil lindezas m\u00e1s.<br \/>Lo cierto es que pese a esa pr\u00e9dica de ser el NOVENO pa\u00eds del mundo en visitas tur\u00edsticas pasamos a ser el octavo con 35 millones de visitantes \u00a0y una captaci\u00f3n \u00a0de m\u00e1s de 19 mil millones de d\u00f3lares.<br \/>No ser\u00e1 por lo que dicen los que s\u00f3lo ven con el ojo izquierdo a nuestro pa\u00eds, sino por la oferta que tenemos de turismo y por las cosas buenas que pese a todo hay en nuestro pa\u00eds y que los turistas del mundo s\u00ed ven .<br \/>EN NUESTRO ESTADO<br \/>Tampoco es ajena esta actitud del ojo izquierdo.<br \/>Desde luego cada quien es libre de opinar lo que quiera y nosotros tambi\u00e9n .<br \/>Pero no todo es negro, ni tampoco todo es blanco. Hay muchas cosas buenas, y hay muchas cosas que no lo son. Subrayar s\u00f3lo un rengl\u00f3n de ellos no parece justo. Se puede uno vestir de muy contestatario e insumiso con esta actitud, pero \u00a0aparte de quienes alaben la supuesta valent\u00eda del juzgador no se ve el bien para la comunidad. A lo mejor ubicar el juicio medido pudiera servir m\u00e1s. Es s\u00f3lo una opini\u00f3n. Lejos de buscar ser una verdad absoluta que en el fondo muchas veces es necedad.<\/p>\n","protected":false},"excerpt":{"rendered":"<p>CUANDO S\u00d3LO SE QUIERE VER CON UN OJOParece que para dar una opini\u00f3n de los hechos \u00a0y ser objetivos y justos se deben ver las cosas con los dos ojos o lo que es lo mismo, pesar las cosas buenas y malas de lo que se pone en an\u00e1lisis y despu\u00e9s emitir una opini\u00f3n apegada [&hellip;]<\/p>\n","protected":false},"author":93,"featured_media":0,"comment_status":"open","ping_status":"open","sticky":false,"template":"","format":"standard","meta":{"footnotes":""},"categories":[48],"tags":[],"class_list":["post-44873","post","type-post","status-publish","format-standard","hentry","category-adalberto-peralta"],"_links":{"self":[{"href":"https:\/\/plazajuarez.mx\/historico\/wp-json\/wp\/v2\/posts\/44873","targetHints":{"allow":["GET"]}}],"collection":[{"href":"https:\/\/plazajuarez.mx\/historico\/wp-json\/wp\/v2\/posts"}],"about":[{"href":"https:\/\/plazajuarez.mx\/historico\/wp-json\/wp\/v2\/types\/post"}],"author":[{"embeddable":true,"href":"https:\/\/plazajuarez.mx\/historico\/wp-json\/wp\/v2\/users\/93"}],"replies":[{"embeddable":true,"href":"https:\/\/plazajuarez.mx\/historico\/wp-json\/wp\/v2\/comments?post=44873"}],"version-history":[{"count":0,"href":"https:\/\/plazajuarez.mx\/historico\/wp-json\/wp\/v2\/posts\/44873\/revisions"}],"wp:attachment":[{"href":"https:\/\/plazajuarez.mx\/historico\/wp-json\/wp\/v2\/media?parent=44873"}],"wp:term":[{"taxonomy":"category","embeddable":true,"href":"https:\/\/plazajuarez.mx\/historico\/wp-json\/wp\/v2\/categories?post=44873"},{"taxonomy":"post_tag","embeddable":true,"href":"https:\/\/plazajuarez.mx\/historico\/wp-json\/wp\/v2\/tags?post=44873"}],"curies":[{"name":"wp","href":"https:\/\/api.w.org\/{rel}","templated":true}]}}