{"id":44870,"date":"2017-07-20T05:12:17","date_gmt":"2017-07-20T05:12:17","guid":{"rendered":"http:\/\/plazajuarez.mx\/index\/index.php\/2017\/07\/20\/dese-por-enterado-236\/"},"modified":"2020-04-14T19:08:03","modified_gmt":"2020-04-14T19:08:03","slug":"dese-por-enterado-236","status":"publish","type":"post","link":"https:\/\/plazajuarez.mx\/historico\/dese-por-enterado-236\/","title":{"rendered":"DESE POR ENTERADO"},"content":{"rendered":"<p>\u00a1MIL 600 MILLONES DE PESOS!- Ni m\u00e1s, ni menos, es lo que Antorcha Campesina solicita al gobierno del estado para que su gobierno -el de los Antorchos, no el que usted eligi\u00f3 en las urnas- tenga a bien realizar en obras luego que ya tienen listo su propio Plan Estatal de Desarrollo 2017-2022, en donde eligen a sus propios contratistas y toda la cosa. Y vi\u00e9ndolo bien, bajo esa \u00f3ptica, mejor de plano que tambi\u00e9n les cedan el inmueble de Palacio de Gobierno y todas las secretar\u00edas. Se ver\u00eda de rechupete en la entrada del edificio de la Plaza Ju\u00e1rez: \u201cPalacio de Gobierno Antorchista\u201d. Chulada.<\/p>\n<p>  <!--more-->  <\/p>\n<p>\u00a0\u00a0 \u00a0\u00a0\u00a0 \u00a0\u00a0\u00a0 \u00a0\u00a0\u00a0 \u00a0\u00a0\u00a0 \u00a0***<br \/>SERGIO ISLAS.- El ex director de Radio y Televisi\u00f3n del Estado de Hidalgo finalmente, como lo anunciamos en este mismo espacio, fue detenido por elementos de la Procuradur\u00eda General de Justicia acusado del desv\u00edo de m\u00e1s de 78 millones de pesos. Y la reflexi\u00f3n es siempre la misma: \u00bfcu\u00e1ndo se pierde la visi\u00f3n de la realidad en la pol\u00edtica? \u00bfcu\u00e1ndo la l\u00f3gica simple? Sergio Islas, por supuesto, es apenas una hebra de la madeja.<br \/>\u00a0\u00a0 \u00a0\u00a0\u00a0 \u00a0\u00a0\u00a0 \u00a0\u00a0\u00a0 \u00a0\u00a0\u00a0 \u00a0***<br \/>SE DESATARON TODOS LOS DEMONIOS.- Vea usted por qu\u00e9. Sucede que, de nueva cuenta, est\u00e1 desatada una campa\u00f1a en contra de la contadora Nuvia Mayorga Delgado, actual titular de la Comisi\u00f3n Nacional de los Pueblos Ind\u00edgenas, para acusarla de la supuesta venta abajo del precio, de \u00e1reas verdes en el fraccionamiento Valle de San Javier. \u00bfY a qu\u00e9 no saben qui\u00e9n encabeza la denuncia? Pues ni m\u00e1s ni menos que la diputada local Gloria Romero, que curiosamente busca ansiosamente la nominaci\u00f3n panista al Senado de la Rep\u00fablica. Y como enfrente tiene a Mayorga Delgado, no hay como adelantar v\u00edsperas y tundir a su virtual oponente pri\u00edsta. <br \/>\u00a0\u00a0 \u00a0\u00a0\u00a0 \u00a0\u00a0\u00a0 \u00a0\u00a0\u00a0 \u00a0\u00a0\u00a0 \u00a0***<br \/>YA DE PLANO.- Padrino de una generaci\u00f3n de egresados de la secundaria, el presidente del Patronato Universitario, Gerardo Sosa Castel\u00e1n, como que no necesita tantos halagos de sus propios empleados. Vaya pues, como que se les pas\u00f3 la mano, al sentenciar que los j\u00f3venes necesitan liderazgos, \u201cy miraron en la direcci\u00f3n correcta\u201d. Es decir, miraron al supremo l\u00edder universitario. S\u00ed, se les pas\u00f3 la mano. Ni tanto que queme al santo, ni tanto que no lo alumbre. Digo, con todo respeto.<br \/>\u00a0\u00a0 \u00a0\u00a0\u00a0 \u00a0\u00a0\u00a0 \u00a0\u00a0\u00a0 \u00a0\u00a0\u00a0 \u00a0***<br \/>desexenterado@gmail.com<br \/>@desexenterado<\/p>\n<p><\/p>\n","protected":false},"excerpt":{"rendered":"<p>\u00a1MIL 600 MILLONES DE PESOS!- Ni m\u00e1s, ni menos, es lo que Antorcha Campesina solicita al gobierno del estado para que su gobierno -el de los Antorchos, no el que usted eligi\u00f3 en las urnas- tenga a bien realizar en obras luego que ya tienen listo su propio Plan Estatal de Desarrollo 2017-2022, en donde [&hellip;]<\/p>\n","protected":false},"author":93,"featured_media":0,"comment_status":"open","ping_status":"open","sticky":false,"template":"","format":"standard","meta":{"footnotes":""},"categories":[83,42],"tags":[66],"class_list":["post-44870","post","type-post","status-publish","format-standard","hentry","category-dese-por-enterado","category-nuestrapalabra","tag-dese"],"_links":{"self":[{"href":"https:\/\/plazajuarez.mx\/historico\/wp-json\/wp\/v2\/posts\/44870","targetHints":{"allow":["GET"]}}],"collection":[{"href":"https:\/\/plazajuarez.mx\/historico\/wp-json\/wp\/v2\/posts"}],"about":[{"href":"https:\/\/plazajuarez.mx\/historico\/wp-json\/wp\/v2\/types\/post"}],"author":[{"embeddable":true,"href":"https:\/\/plazajuarez.mx\/historico\/wp-json\/wp\/v2\/users\/93"}],"replies":[{"embeddable":true,"href":"https:\/\/plazajuarez.mx\/historico\/wp-json\/wp\/v2\/comments?post=44870"}],"version-history":[{"count":0,"href":"https:\/\/plazajuarez.mx\/historico\/wp-json\/wp\/v2\/posts\/44870\/revisions"}],"wp:attachment":[{"href":"https:\/\/plazajuarez.mx\/historico\/wp-json\/wp\/v2\/media?parent=44870"}],"wp:term":[{"taxonomy":"category","embeddable":true,"href":"https:\/\/plazajuarez.mx\/historico\/wp-json\/wp\/v2\/categories?post=44870"},{"taxonomy":"post_tag","embeddable":true,"href":"https:\/\/plazajuarez.mx\/historico\/wp-json\/wp\/v2\/tags?post=44870"}],"curies":[{"name":"wp","href":"https:\/\/api.w.org\/{rel}","templated":true}]}}