{"id":44869,"date":"2017-07-20T05:11:40","date_gmt":"2017-07-20T05:11:40","guid":{"rendered":"http:\/\/plazajuarez.mx\/index\/index.php\/2017\/07\/20\/congreso-ineficaz\/"},"modified":"2017-07-20T05:11:40","modified_gmt":"2017-07-20T05:11:40","slug":"congreso-ineficaz","status":"publish","type":"post","link":"https:\/\/plazajuarez.mx\/historico\/congreso-ineficaz\/","title":{"rendered":"Congreso ineficaz"},"content":{"rendered":"<p>Vitral Pol\u00edtico<br \/>A la nada honrosa lista de temas pendientes debe agregarse la ausencia de dos fiscales, el General de la Rep\u00fablica y el Anticorrupci\u00f3n, y la designaci\u00f3n de 17 magistrados del propio sistema<\/p>\n<p>  <!--more-->  <\/p>\n<p>Nada hay que sancione a los diputados y senadores. Si incumplen sus propios mandatos, no pasa nada. Es larga la lista de leyes que debieron realizar, derivadas de sus propias reformas y que no elaboran a tiempo, por lo que son los primeros en violar la Constituci\u00f3n y su legislaci\u00f3n.<br \/>A la nada honrosa lista de temas pendientes debe agregarse la ausencia de dos fiscales, el General de la Rep\u00fablica y el Anticorrupci\u00f3n, y la designaci\u00f3n de 17 magistrados del propio sistema.<br \/>Se deber\u00e1 agregar a los pendientes, la eliminaci\u00f3n del &#8220;pase autom\u00e1tico&#8221;, como fue llamada la disposici\u00f3n de la Constituci\u00f3n, seg\u00fan la cual, quien sea procurador General de la Rep\u00fablica este d\u00eda, pasar\u00e1 a ser Fiscal General de la Rep\u00fablica, por nueve a\u00f1os. Adem\u00e1s, este cargo tiene que estar acompa\u00f1ado de una ley operativa que no existe.<br \/>Fue tal el repudio que se gener\u00f3 en los c\u00edrculos cr\u00edticos al acontecer gubernamental que, con una prontitud inusual, el jefe del Ejecutivo se apresur\u00f3 a enviar al Senado una propuesta con el ajuste que considera la realizaci\u00f3n de un concurso para acceder a ese puesto, ejercicio en el que podr\u00e1 participar el actual procurador general, Ra\u00fal Cervantes Andrade.<br \/>Una interpretaci\u00f3n simple, al respecto, se\u00f1ala que el actual procurador General amanece este mi\u00e9rcoles como Fiscal General de la Naci\u00f3n, pero otros aclaran que para ser fiscal primero se debe aprobar la ley org\u00e1nica de dicha entidad que deber\u00e1 ser aut\u00f3noma y que desde luego no existe&#8230;<br \/>VIDRIOS ROTOS.\u2014 La Comisi\u00f3n Permanente recibe este mi\u00e9rcoles la solicitud de licencia indefinida de la senadora priista Lilia Merodio Reza, quien se inscribir\u00e1 como candidata a dirigir el PRI en su estado natal, Chihuahua, donde acusa que el presidente nacional, Enrique Ochoa Reza, autoriz\u00f3 violaciones a estatutos y a los derechos pol\u00edticos de ella y otros aspirantes, con el fin de favorecer a Omar Baz\u00e1n, presidente local de la Fundaci\u00f3n Colosio.<br \/>La legisladora juarense denuncia que el delegado del CEN del PRI, Fernando Moreno Pe\u00f1a, tuvo a su cargo formar una &#8216;cargada&#8217;, con recolecci\u00f3n de firmas desde antes de la publicaci\u00f3n de la convocatoria, el 11 de julio pasado. Fue desplegada una campa\u00f1a, desde el Comit\u00e9 Directivo Estatal para generar la percepci\u00f3n de que hab\u00eda una &#8216;f\u00f3rmula \u00fanica&#8217;, despu\u00e9s la llamaron &#8216;f\u00f3rmula de unidad&#8217; y, finalmente, &#8216;f\u00f3rmula oficial&#8217;. Por todo esto, Merodio culpa a Ochoa Reza de generar la divisi\u00f3n en las filas del priismo chihuahuense.<br \/>Merodio Reza, en d\u00edas pasados, encar\u00f3 al presidente del partido, con el reclamo de &#8220;piso parejo&#8221;, pero las protestas de la senadora fueron deso\u00eddos y al pedir licencia y entrar con todo por la dirigencia, obliga a que Ochoa asuma el rol de l\u00edder. El hecho es que all\u00ed se abri\u00f3 ya una fractura y eso es algo que al priismo no le conviene&#8230;<br \/>VENTANAL.\u2014 En un mes, el 16 de agosto se abren las negociaciones de la modificaci\u00f3n del Tratado de Libre Comercio de Am\u00e9rica del Norte y en el Senado el periodo de receso concluye dos semanas despu\u00e9s. Los legisladores en la C\u00e1mara Alta, en su momento, tendr\u00e1n que ratificar o no el trabajo del secretario de Econom\u00eda, Ildefonso Guajardo y su equipo&#8230;<br \/>CONTRASTE.\u2014 La andanada de descalificaciones de gobernadores y del jefe de Gobierno de la Ciudad de M\u00e9xico, Miguel \u00c1ngel Mancera, al Sistema Penal Acusatorio, se agota. No hay legisladores que vean el problema de la inseguridad p\u00fablica y la violencia en las leyes, sino en c\u00f3mo la aplican las autoridades&#8230;<br \/>VITRAL SOCIAL.\u2014 En el 01 800 553 3000, la CNDH toma denuncia de violaciones a derechos humanos\u2026<\/p>\n","protected":false},"excerpt":{"rendered":"<p>Vitral Pol\u00edticoA la nada honrosa lista de temas pendientes debe agregarse la ausencia de dos fiscales, el General de la Rep\u00fablica y el Anticorrupci\u00f3n, y la designaci\u00f3n de 17 magistrados del propio sistema<\/p>\n","protected":false},"author":93,"featured_media":0,"comment_status":"open","ping_status":"open","sticky":false,"template":"","format":"standard","meta":{"footnotes":""},"categories":[42],"tags":[],"class_list":["post-44869","post","type-post","status-publish","format-standard","hentry","category-nuestrapalabra"],"_links":{"self":[{"href":"https:\/\/plazajuarez.mx\/historico\/wp-json\/wp\/v2\/posts\/44869","targetHints":{"allow":["GET"]}}],"collection":[{"href":"https:\/\/plazajuarez.mx\/historico\/wp-json\/wp\/v2\/posts"}],"about":[{"href":"https:\/\/plazajuarez.mx\/historico\/wp-json\/wp\/v2\/types\/post"}],"author":[{"embeddable":true,"href":"https:\/\/plazajuarez.mx\/historico\/wp-json\/wp\/v2\/users\/93"}],"replies":[{"embeddable":true,"href":"https:\/\/plazajuarez.mx\/historico\/wp-json\/wp\/v2\/comments?post=44869"}],"version-history":[{"count":0,"href":"https:\/\/plazajuarez.mx\/historico\/wp-json\/wp\/v2\/posts\/44869\/revisions"}],"wp:attachment":[{"href":"https:\/\/plazajuarez.mx\/historico\/wp-json\/wp\/v2\/media?parent=44869"}],"wp:term":[{"taxonomy":"category","embeddable":true,"href":"https:\/\/plazajuarez.mx\/historico\/wp-json\/wp\/v2\/categories?post=44869"},{"taxonomy":"post_tag","embeddable":true,"href":"https:\/\/plazajuarez.mx\/historico\/wp-json\/wp\/v2\/tags?post=44869"}],"curies":[{"name":"wp","href":"https:\/\/api.w.org\/{rel}","templated":true}]}}