{"id":44868,"date":"2017-07-20T05:10:49","date_gmt":"2017-07-20T05:10:49","guid":{"rendered":"http:\/\/plazajuarez.mx\/index\/index.php\/2017\/07\/20\/el-dilema-con-el-prisionero-duarte\/"},"modified":"2017-07-20T05:10:49","modified_gmt":"2017-07-20T05:10:49","slug":"el-dilema-con-el-prisionero-duarte","status":"publish","type":"post","link":"https:\/\/plazajuarez.mx\/historico\/el-dilema-con-el-prisionero-duarte\/","title":{"rendered":"El dilema con el prisionero Duarte"},"content":{"rendered":"<p>Submarino Pol\u00edtico<br \/>Vamos a suponer que en la audiencia del pr\u00f3ximo s\u00e1bado la PGR deja caer jur\u00eddicamente el caso y culpa al modelo de justicia adversarial por la salida de Javier Duarte del botell\u00f3n, muy bien amparado para que tampoco la justicia en Veracruz pueda llamarle a cuentas<br \/>\u00a0<\/p>\n<p>  <!--more-->  <\/p>\n<p>No se le puede achacar al nuevo sistema de justicia penal adversarial ninguno de los errores cometidos por los fiscales de la Procuradur\u00eda General de la Rep\u00fablica durante las poco m\u00e1s de cinco horas que dur\u00f3 la audiencia inicial contra Javier Duarte en el \u00e1rea de juzgados del Reclusorio Norte de la Ciudad de M\u00e9xico. Entre las bien documentadas pifias, la parte acusadora s\u00f3lo pudo respaldar acusaciones por menos del 10% del monto total que formalmente reclama, 439 mdp, como desv\u00edo de recursos federales, al tiempo que un juez federal otorg\u00f3 una suspensi\u00f3n a dos \u00f3rdenes de aprehensi\u00f3n que pesan sobre Duarte de Ochoa, donde la Fiscal\u00eda de Veracruz le acusa por delitos del fuero com\u00fan. <br \/>Es decir, desde las altas esferas del poder pol\u00edtico se gesta la pronta exoneraci\u00f3n del ex gobernador de Veracruz, pero tambi\u00e9n de Roberto Borge, quien aunque se encuentra preso en Panam\u00e1, ayer obtuvo un amparo en un juzgado de Canc\u00fan contra cualquier orden de aprehensi\u00f3n por la venta irregular de terrenos pertenecientes al gobierno de Quintana Roo.<br \/>Vamos a suponer que en la audiencia del pr\u00f3ximo s\u00e1bado la PGR deja caer jur\u00eddicamente el caso y culpa al modelo de justicia adversarial por la salida de Javier Duarte del botell\u00f3n, muy bien amparado para que tampoco la justicia en Veracruz pueda llamarle a cuentas.<br \/>Al interior del PRI est\u00e1n muy ocupados en la pol\u00edtica de caf\u00e9 rumbo a su &#8220;cena de negros&#8221;, XXII Asamblea Nacional, que definir\u00e1 la plataforma pol\u00edtica y el reparto de candidaturas, incluida la presidencial, para el proceso electoral en 2018. Tan afines a la alquimia de los n\u00fameros, los tricolores no han reparado en los costos que tendr\u00e1n en las urnas las corruptas figuras de Javier Duarte, Roberto Borge, C\u00e9sar Duarte y Tom\u00e1s Yarrington. <br \/>Si aplicamos el dilema del prisionero en este caso, el PRI tendr\u00eda que aceptar los costos que tiene financiar campa\u00f1as electorales con dinero p\u00fablico y, en algunos casos, dinero del crimen organizado, justo ahora que se aproxima la sucesi\u00f3n presidencial. Dif\u00edcilmente, la impunidad de Duarte puede costarle la presidencia al PRI, pero est\u00e1 en riesgo la paz social, principalmente en el estado de Veracruz, donde el descontento social es tal que permitieron la llegada de un personaje como Miguel \u00c1ngel Yunes al poder. Imag\u00ednese.<br \/>El probable desenlace del espect\u00e1culo de Javier Duarte no es halagador para nadie, la posibilidad de que no se le vincule a proceso es real, pero tambi\u00e9n es cierto que puede ser uno de los \u00faltimos &#8220;malos ratos&#8221; que el PRI le haga pasar a la sociedad mexicana. Pero, \u00bfcu\u00e1nto costar\u00e1 al pa\u00eds la impunidad?<br \/>En el radar. La figura de Andr\u00e9s Manuel L\u00f3pez Obrador es, a la pol\u00edtica mexicana, lo que Justin Bieber, a la m\u00fasica pop. El tabasque\u00f1o en lugar de sacar discos, publica libros para deleite de sus no pocos fans. Y eso lo saben en Planeta, editorial que apuesta a publicar la m\u00e1s reciente obra de &#8220;El Rayito de Esperanza&#8221;, &#8220;Oye, Trump. Propuestas y acciones para defensa de los migrantes en Estados Unidos&#8221;, con pr\u00f3logo de Pedro Miguel y ep\u00edlogo de Elena Poniatowska. \u00bfAs\u00ed o m\u00e1s progre la cosa?<br \/>El libro relata las visitas que hizo L\u00f3pez Obrador a Estados Unidos entre enero y marzo de este a\u00f1o y se presentar\u00e1 el pr\u00f3ximo mes de agosto en la ciudad de Los \u00c1ngeles, California. Circula ya en librer\u00edas para quien guste y se exhibe en la mesa de novedades con un precio de $148 del \u00e1guila y $99 pesos en su versi\u00f3n electr\u00f3nica. Adem\u00e1s, la transnacional Planeta ha puesto a la venta el e-book en su portal en Espa\u00f1a por 5.99 euros. <br \/>Bit\u00e1cora de lo absurdo. Se llama Citlalli Hern\u00e1ndez, pertenece al PRD y tiene a media familia cobrando en la n\u00f3mina de la delegaci\u00f3n Iztacalco. Ella fue la encargada de boicotear con violencia un acto de Morena encabezado por la delegada en Tlalpan, Claudia Sheinbaum. La izquierda que se ha hecho en buena medida del poder en la capital a gritos, con grupos clientelares y de choque, busca mantenerlo de la misma manera. Inadmisibles, los actos de violencia.<br \/>t@LeoAgusto<\/p>\n<p><\/p>\n","protected":false},"excerpt":{"rendered":"<p>Submarino Pol\u00edticoVamos a suponer que en la audiencia del pr\u00f3ximo s\u00e1bado la PGR deja caer jur\u00eddicamente el caso y culpa al modelo de justicia adversarial por la salida de Javier Duarte del botell\u00f3n, muy bien amparado para que tampoco la justicia en Veracruz pueda llamarle a cuentas\u00a0<\/p>\n","protected":false},"author":93,"featured_media":0,"comment_status":"open","ping_status":"open","sticky":false,"template":"","format":"standard","meta":{"footnotes":""},"categories":[42],"tags":[],"class_list":["post-44868","post","type-post","status-publish","format-standard","hentry","category-nuestrapalabra"],"_links":{"self":[{"href":"https:\/\/plazajuarez.mx\/historico\/wp-json\/wp\/v2\/posts\/44868","targetHints":{"allow":["GET"]}}],"collection":[{"href":"https:\/\/plazajuarez.mx\/historico\/wp-json\/wp\/v2\/posts"}],"about":[{"href":"https:\/\/plazajuarez.mx\/historico\/wp-json\/wp\/v2\/types\/post"}],"author":[{"embeddable":true,"href":"https:\/\/plazajuarez.mx\/historico\/wp-json\/wp\/v2\/users\/93"}],"replies":[{"embeddable":true,"href":"https:\/\/plazajuarez.mx\/historico\/wp-json\/wp\/v2\/comments?post=44868"}],"version-history":[{"count":0,"href":"https:\/\/plazajuarez.mx\/historico\/wp-json\/wp\/v2\/posts\/44868\/revisions"}],"wp:attachment":[{"href":"https:\/\/plazajuarez.mx\/historico\/wp-json\/wp\/v2\/media?parent=44868"}],"wp:term":[{"taxonomy":"category","embeddable":true,"href":"https:\/\/plazajuarez.mx\/historico\/wp-json\/wp\/v2\/categories?post=44868"},{"taxonomy":"post_tag","embeddable":true,"href":"https:\/\/plazajuarez.mx\/historico\/wp-json\/wp\/v2\/tags?post=44868"}],"curies":[{"name":"wp","href":"https:\/\/api.w.org\/{rel}","templated":true}]}}