{"id":44816,"date":"2017-07-19T13:31:04","date_gmt":"2017-07-19T13:31:04","guid":{"rendered":"http:\/\/plazajuarez.mx\/index\/index.php\/2017\/07\/19\/dese-por-enterado-235\/"},"modified":"2020-04-14T19:08:03","modified_gmt":"2020-04-14T19:08:03","slug":"dese-por-enterado-235","status":"publish","type":"post","link":"https:\/\/plazajuarez.mx\/historico\/dese-por-enterado-235\/","title":{"rendered":"DESE POR ENTERADO"},"content":{"rendered":"<p>EL SECRETARIO EJECUTIVO de la Pol\u00edtica P\u00fablica del gobierno estatal, Israel F\u00e9lix Soto, empieza a observarse como un personaje fundamental en la actual administraci\u00f3n, pero am\u00e9n de lo anterior, resulta interesante observar que se conduce con sencillez en los actos que preside. Nada f\u00e1cil para quien es observado con lupa por m\u00e1s de uno, y al que grupos antes poderosos le ponen trampas y de plano baches estilo Pachuca en el camino.<\/p>\n<p>  <!--more-->  <\/p>\n<p>\u00a0\u00a0 \u00a0\u00a0\u00a0 \u00a0\u00a0\u00a0 \u00a0\u00a0\u00a0 \u00a0\u00a0\u00a0 \u00a0***<\/p>\n<p>JOS\u00c9 ALFREDO SEP\u00daLVEDA FAYAD.- El presidente de la Comisi\u00f3n de Derechos Humanos del estado de Hidalgo empieza a acumular se\u00f1alamientos, algunos incluso bobos pero que pesan en quien se supone debe defender a la ciudadan\u00eda. No pasa d\u00eda sin que se le endilguen nueva acusaciones por abusos absurdos como lo del pastel (\u00bfno pudo comprarse con su dinero uno?) y el uso de unidades de la Comisi\u00f3n para sus asuntos personales. Tal vez incluso por costumbre y tradici\u00f3n, dado que en la Huasteca todav\u00eda algunos los tratan como \u201camigos\u201d, decidi\u00f3 que lo mismo pod\u00eda pasar en la capital hidalguense. Pero ya se ve que no.<\/p>\n<p>\u00a0\u00a0 \u00a0\u00a0\u00a0 \u00a0\u00a0\u00a0 \u00a0\u00a0\u00a0 \u00a0\u00a0\u00a0 \u00a0***<\/p>\n<p>LA FAMILIA TELLER\u00cdA es, sin duda, la m\u00e1s poderosa pol\u00edticamente en el estado en los partidos de oposici\u00f3n. Porque vea usted, Yolanda es la alcaldesa de la capital, ni m\u00e1s ni menos; y Gloria Teller\u00eda diputada local, con una presencia cada vez m\u00e1s vigorosa. Es decir que as\u00ed, a la calladita, hoy mismo son obligada consulta en lo que se decida a la vuelta de la esquina en Acci\u00f3n Nacional en el asunto de las nominaciones al Congreso federal.<\/p>\n<p>\u00a0\u00a0 \u00a0\u00a0\u00a0 \u00a0\u00a0\u00a0 \u00a0\u00a0\u00a0 \u00a0\u00a0\u00a0 \u00a0***<\/p>\n<p>EN EL REVOLUCIONARIO INSTITUCIONAL ya crece la tensi\u00f3n por los que quieren ser Senadores o Senadoras, que decidieron empezar campa\u00f1a con lo que tienen a la mano. Y por eso se suceden eventos en que una inaugura una escuela, otro entrega material de construcci\u00f3n. Vaya pues que peque\u00f1os se les quedan los Franciscanos o las seguidoras de la Madre Calcuta. Sin embargo deben saber que muchos ser\u00e1n los llamados, pero pocos, muy pocos los elegidos.<\/p>\n<p>\u00a0\u00a0 \u00a0\u00a0\u00a0 \u00a0\u00a0\u00a0 \u00a0\u00a0\u00a0 \u00a0\u00a0\u00a0 \u00a0***<\/p>\n<p>Por hoy, usted puede DARSE POR ENTERADO<br \/>desexenterado@gmail.com<br \/>@desexenterado<\/p>\n","protected":false},"excerpt":{"rendered":"<p>EL SECRETARIO EJECUTIVO de la Pol\u00edtica P\u00fablica del gobierno estatal, Israel F\u00e9lix Soto, empieza a observarse como un personaje fundamental en la actual administraci\u00f3n, pero am\u00e9n de lo anterior, resulta interesante observar que se conduce con sencillez en los actos que preside. Nada f\u00e1cil para quien es observado con lupa por m\u00e1s de uno, y [&hellip;]<\/p>\n","protected":false},"author":93,"featured_media":0,"comment_status":"open","ping_status":"open","sticky":false,"template":"","format":"standard","meta":{"footnotes":""},"categories":[83,42],"tags":[66],"class_list":["post-44816","post","type-post","status-publish","format-standard","hentry","category-dese-por-enterado","category-nuestrapalabra","tag-dese"],"_links":{"self":[{"href":"https:\/\/plazajuarez.mx\/historico\/wp-json\/wp\/v2\/posts\/44816","targetHints":{"allow":["GET"]}}],"collection":[{"href":"https:\/\/plazajuarez.mx\/historico\/wp-json\/wp\/v2\/posts"}],"about":[{"href":"https:\/\/plazajuarez.mx\/historico\/wp-json\/wp\/v2\/types\/post"}],"author":[{"embeddable":true,"href":"https:\/\/plazajuarez.mx\/historico\/wp-json\/wp\/v2\/users\/93"}],"replies":[{"embeddable":true,"href":"https:\/\/plazajuarez.mx\/historico\/wp-json\/wp\/v2\/comments?post=44816"}],"version-history":[{"count":0,"href":"https:\/\/plazajuarez.mx\/historico\/wp-json\/wp\/v2\/posts\/44816\/revisions"}],"wp:attachment":[{"href":"https:\/\/plazajuarez.mx\/historico\/wp-json\/wp\/v2\/media?parent=44816"}],"wp:term":[{"taxonomy":"category","embeddable":true,"href":"https:\/\/plazajuarez.mx\/historico\/wp-json\/wp\/v2\/categories?post=44816"},{"taxonomy":"post_tag","embeddable":true,"href":"https:\/\/plazajuarez.mx\/historico\/wp-json\/wp\/v2\/tags?post=44816"}],"curies":[{"name":"wp","href":"https:\/\/api.w.org\/{rel}","templated":true}]}}