{"id":44712,"date":"2017-07-17T15:39:31","date_gmt":"2017-07-17T15:39:31","guid":{"rendered":"http:\/\/plazajuarez.mx\/index\/index.php\/2017\/07\/17\/extraditan-a-javier-duarte-vuela-en-avion-de-pgr-a-mexico\/"},"modified":"2017-07-17T15:39:31","modified_gmt":"2017-07-17T15:39:31","slug":"extraditan-a-javier-duarte-vuela-en-avion-de-pgr-a-mexico","status":"publish","type":"post","link":"https:\/\/plazajuarez.mx\/historico\/extraditan-a-javier-duarte-vuela-en-avion-de-pgr-a-mexico\/","title":{"rendered":"Javier Duarte ya est\u00e1 en el Reclusorio Norte"},"content":{"rendered":"<p>El exgobernador de Veracruz, Javier Duarte de Ochoa, arrib\u00f3 al Reclusorio Preventivo Varonil Norte para comparecer, por primera vez, ante un juez penal mexicano.<\/p>\n<p>  <!--more-->  <\/p>\n<p>El ex mandatario lleg\u00f3 al Centro de Justicia Penal Federal acompa\u00f1ado por un dispositivo de seguridad compuesto de 10 motocicletas de elementos de la Secretar\u00eda de Seguridad P\u00fablica capitalina y 11 camionetas de la Agencia de Investigaci\u00f3n Criminal de la Procuradur\u00eda General de la Rep\u00fablica (PGR).<\/p>\n<p>Luego de un viaje de m\u00e1s de dos horas desde Guatemala a la CDMX, el avi\u00f3n en el que fue trasladado el ex mandatario aterriz\u00f3 en suelo mexicano a las 12:18 horas en el hangar de la Procuradur\u00eda General de la Rep\u00fablica ubicado en el Aeropuerto Internacional capitalino.<\/p>\n<p>Conforme a los protocolos, fue sometido a la revisi\u00f3n m\u00e9dica de ley y notificado de la ejecuci\u00f3n de la orden de aprehensi\u00f3n federal librada por el Juez de Distrito Especializado en el Sistema Penal Acusatorio, del Centro de Justicia Penal Federal en la Ciudad de M\u00e9xico, con sede en el Reclusorio Norte, Gerardo Moreno, ante quien fue puesto a disposici\u00f3n para escuchar la imputaci\u00f3n que la PGR formule en su contra por los supuestos delitos de delincuencia organizada y &#8220;lavado&#8221; de dinero.<\/p>\n<p>Por su parte, el abogado Marco Antonio del Toro, quien encabeza la defensa de Duarte de Ochoa dijo que hasta el momento se desconoce si el ex mandatario permanecer\u00e1 en el Reclusorio Norte.<\/p>\n<p>Agreg\u00f3 que Karime Mac\u00edas, esposa del priista, est\u00e1 enterada y al pendiente del proceso de su marido y que &#8220;como siempre, cuenta con su apoyo&#8221;, descart\u00f3 que se presente a las diligencias.<\/p>\n<p>Finalmente, afirm\u00f3 que este lunes la jornada ser\u00e1 larga pero que conf\u00eda en la inocencia de su cliente.<\/p>\n<p>&#8220;Demostraremos una a una que las imputaciones no tienen el m\u00ednimo sustento. Yo me baso en los expedientes, y el expediente denota su plena inocencia&#8221;, dijo.<\/p>\n<p>Javier Duarte tambi\u00e9n es requerido por un juez de control del Juzgado de Proceso y Procedimiento Penal Oral en Xalapa, Veracruz; qui\u00e9n emiti\u00f3 dos \u00f3rdenes de aprehensi\u00f3n en su contra por incumplimiento de deber legal, peculado, tr\u00e1fico de influencia y coalici\u00f3n.<\/p>\n<p>El pasado 26 de abril el gobierno del estado de Veracruz se a\u00f1adi\u00f3 a la extradici\u00f3n solicitada por la PGR, instituci\u00f3n que present\u00f3 formalmente el requerimiento el 2 de junio pasado tanto en lo que se refiere por la causa penal n\u00famero 97\/2017 del fuero federal como la del fuero com\u00fan.<\/p>\n<p>El ex gobernador de Veracruz, Javier Duarte de Ochoa, acept\u00f3 ser extraditado a M\u00e9xico el pasado 4 de julio en Guatemala en donde estuvo recluido en un cuartel militar de la capital guatemalteca donde habilitaron un \u00e1rea como c\u00e1rcel para reos de alto perfil.<\/p>\n<p>Fue detenido el pasado 15 de abril en un hotel tur\u00edstico en Guatemala. El ex gobernador estuvo pr\u00f3fugo 185 d\u00edas, desde el 13 de octubre de 2016, cuando un juez dict\u00f3 una orden de aprehensi\u00f3n en su contra.<\/p>\n<p>El pol\u00edtico renunci\u00f3 a su cargo en octubre del a\u00f1o pasado, un mes y medio antes de terminar su mandato.<\/p>\n","protected":false},"excerpt":{"rendered":"<p>El exgobernador de Veracruz, Javier Duarte de Ochoa, arrib\u00f3 al Reclusorio Preventivo Varonil Norte para comparecer, por primera vez, ante un juez penal mexicano.<\/p>\n","protected":false},"author":6,"featured_media":0,"comment_status":"open","ping_status":"open","sticky":false,"template":"","format":"standard","meta":{"footnotes":""},"categories":[36],"tags":[],"class_list":["post-44712","post","type-post","status-publish","format-standard","hentry","category-nacion"],"_links":{"self":[{"href":"https:\/\/plazajuarez.mx\/historico\/wp-json\/wp\/v2\/posts\/44712","targetHints":{"allow":["GET"]}}],"collection":[{"href":"https:\/\/plazajuarez.mx\/historico\/wp-json\/wp\/v2\/posts"}],"about":[{"href":"https:\/\/plazajuarez.mx\/historico\/wp-json\/wp\/v2\/types\/post"}],"author":[{"embeddable":true,"href":"https:\/\/plazajuarez.mx\/historico\/wp-json\/wp\/v2\/users\/6"}],"replies":[{"embeddable":true,"href":"https:\/\/plazajuarez.mx\/historico\/wp-json\/wp\/v2\/comments?post=44712"}],"version-history":[{"count":0,"href":"https:\/\/plazajuarez.mx\/historico\/wp-json\/wp\/v2\/posts\/44712\/revisions"}],"wp:attachment":[{"href":"https:\/\/plazajuarez.mx\/historico\/wp-json\/wp\/v2\/media?parent=44712"}],"wp:term":[{"taxonomy":"category","embeddable":true,"href":"https:\/\/plazajuarez.mx\/historico\/wp-json\/wp\/v2\/categories?post=44712"},{"taxonomy":"post_tag","embeddable":true,"href":"https:\/\/plazajuarez.mx\/historico\/wp-json\/wp\/v2\/tags?post=44712"}],"curies":[{"name":"wp","href":"https:\/\/api.w.org\/{rel}","templated":true}]}}