{"id":44710,"date":"2017-07-17T13:12:37","date_gmt":"2017-07-17T13:12:37","guid":{"rendered":"http:\/\/plazajuarez.mx\/index\/index.php\/2017\/07\/17\/la-muerte-y-otros-miedos-2\/"},"modified":"2017-07-17T13:12:37","modified_gmt":"2017-07-17T13:12:37","slug":"la-muerte-y-otros-miedos-2","status":"publish","type":"post","link":"https:\/\/plazajuarez.mx\/historico\/la-muerte-y-otros-miedos-2\/","title":{"rendered":"LA MUERTE Y OTROS MIEDOS."},"content":{"rendered":"<p>\u00a0\u00a0\u00a0 \u2022\u00a0\u00a0 \u00a0\u201cUn d\u00eda nos vamos morir, Snoopy.\u2028<br \/>\u00a0\u00a0 \u00a0\u2022\u00a0\u00a0 \u00a0Cierto Charly, pero los otros d\u00edas no\u201d.\u2028<\/p>\n<p>Di\u00e1logo metaf\u00edsico.<\/p>\n<p>  <!--more-->  <\/p>\n<p>De manera consciente o subconsciente, desde la m\u00e1s tierna infancia, los seres humanos (y quiz\u00e1s otras especies animales) vivimos en medio de terribles temores e incluso p\u00e1nicos por los m\u00e1s diversos motivos, o sin ellos.<\/p>\n<p>Tal vez el m\u00e1s com\u00fan es el miedo a la oscuridad; obsesi\u00f3n que llega a perdurar hasta la edad adulta: monstruos desconocidos viven all\u00ed, dispuestos a hacernos da\u00f1o. \u00a0El austero Presidente Don Adolfo Ruiz Cort\u00ednez, con su caracter\u00edstica socarroner\u00eda jarocha dec\u00eda: \u201cYo no creo en las brujas, pero existen\u201d. \u00a0A \u201ccontrario sensu\u201d, el problema de los miedosos es que s\u00ed creen en los seres de la oscuridad, aunque no existan; el misterio los lleva a imaginar un gato negro, en las tinieblas de un s\u00f3tano, donde no hay gato alguno. \u00a0Un monstruo es como un cuchillo sin mango, al que le falta la hoja.<\/p>\n<p>Otro miedo: La soledad, da sentido a la expresi\u00f3n de Octavio Paz, cuando afirma: \u201clas multitudes de hoy son grandes aglomeraciones de solitarios\u201d. \u00a0\u00a0La soledad destruye, mata\u2026 \u00a0Aunque algunos seres excepcionales la buscan; su compa\u00f1\u00eda es la \u00fanica que toleran.<\/p>\n<p>Las expectativas de pobreza, provocan patol\u00f3gicas reacciones en numerosas personas, sobre todo en aqu\u00e9llas que salieron de ella con muchos esfuerzos. \u00a0Diferentes tipos de avaricia se nutren en la confusi\u00f3n del dinero como fin y no como medio. \u00a0Los avaros mueren en la miseria por miedo a la miseria.<\/p>\n<p>El miedo al rid\u00edculo puede ser peor que otros con apariencia de mayor seriedad. \u00a0Aunque cuando se supera suele ser modus vivendi de estrellas de la far\u00e1ndula o de la pol\u00edtica. \u00a0Dicen los enterados que cuesta mucho trabajo perder la verg\u00fcenza, pero que se vive muy bien despu\u00e9s de haberla perdido. \u00a0De las anteriores premisas, infer\u00ed la siguiente conclusi\u00f3n de validez universal: \u201cEl cinismo integral es el estado perfecto del hombre\u201d.<\/p>\n<p>El miedo al rechazo social, lo traemos algunos, agazapado en la conciencia ancestral de nuestros or\u00edgenes, ante una sociedad excluyente. \u00a0No creo exagerar si afirmo que vemos como normal discriminar a los ind\u00edgenas, a los pobres, a los marginados, a los que nada tienen. \u00a0\u00a0El color de la piel a\u00fan es fuente de ep\u00edtetos humillantes\u2026 \u00a0Los g\u00fceritos se sienten los due\u00f1os del mundo.<\/p>\n<p>El miedo al fracaso profesional. \u00a0Es triste asistir a ceremonias de graduaci\u00f3n en m\u00faltiples carreras t\u00e9cnicas y licenciaturas. \u00a0En ellas, togas y birretes est\u00e1n indebidamente presentes; m\u00e1s que s\u00edmbolos acad\u00e9micos, se consideran burguesas presunciones de suficiencia econ\u00f3mica y seguridad en un \u00e9xito profesional que dif\u00edcilmente llega. \u00a0Los padres que cifran en sus hijos profesionistas la coronaci\u00f3n de sus esfuerzos, no imaginan que el t\u00edtulo es s\u00f3lo principio y que en la realidad, el miedo al fracaso inhibe a un alto porcentaje de las generaciones. \u00a0Aun as\u00ed, las \u201cescuelas patito\u201d proliferan. \u00a0El mejor ant\u00eddoto es nacer \u201cHijo de papi\u201d.<\/p>\n<p>Si se me permite una digresi\u00f3n personal, siempre he expresado que M\u00e9dico es lo \u00faltimo que yo ser\u00eda en la vida. \u00a0La enfermedad me espanta, el dolor ajeno me involucra; la impotencia ante la muerte me apabulla. \u00a0La convivencia que los profesionales de la medicina tienen diariamente con la Parca (La Muerte, no el luchador), en algunos aspectos los torna insensibles pero, generalmente los hace tan humanos que ubican a la vida como valor supremo y su preservaci\u00f3n da sentido a su vocaci\u00f3n. \u00a0El paso de los a\u00f1os actualiza cada d\u00eda el acoso punzante de ese fantasma. \u00a0Enfermedades y vejez marchan juntas: vi morir a mis padres, veo morir a mis amigos y me veo caminar lentamente hacia el mismo destino.<\/p>\n<p>Pregunto \u00a0\u00bfEl objetivo de la vida es prepararse para la muerte? \u00a0\u00bfExiste otra vida despu\u00e9s de la vida o es s\u00f3lo una estrategia de las religiones para ganar adeptos? \u00a0\u00bfEl vivir, bien o mal, tendr\u00e1 sentido ante un desconocido tribunal para nuestra absoluci\u00f3n o condena?<\/p>\n<p>Finalmente todos tenemos miedo al miedo.<\/p>\n<p>Finalmente, el fin justifica los miedos.<\/p>\n<p>Julio, 2017<\/p>\n","protected":false},"excerpt":{"rendered":"<p>\u00a0\u00a0\u00a0 \u2022\u00a0\u00a0 \u00a0\u201cUn d\u00eda nos vamos morir, Snoopy.\u2028\u00a0\u00a0 \u00a0\u2022\u00a0\u00a0 \u00a0Cierto Charly, pero los otros d\u00edas no\u201d.\u2028 Di\u00e1logo metaf\u00edsico.<\/p>\n","protected":false},"author":93,"featured_media":0,"comment_status":"open","ping_status":"open","sticky":false,"template":"","format":"standard","meta":{"footnotes":""},"categories":[42],"tags":[],"class_list":["post-44710","post","type-post","status-publish","format-standard","hentry","category-nuestrapalabra"],"_links":{"self":[{"href":"https:\/\/plazajuarez.mx\/historico\/wp-json\/wp\/v2\/posts\/44710","targetHints":{"allow":["GET"]}}],"collection":[{"href":"https:\/\/plazajuarez.mx\/historico\/wp-json\/wp\/v2\/posts"}],"about":[{"href":"https:\/\/plazajuarez.mx\/historico\/wp-json\/wp\/v2\/types\/post"}],"author":[{"embeddable":true,"href":"https:\/\/plazajuarez.mx\/historico\/wp-json\/wp\/v2\/users\/93"}],"replies":[{"embeddable":true,"href":"https:\/\/plazajuarez.mx\/historico\/wp-json\/wp\/v2\/comments?post=44710"}],"version-history":[{"count":0,"href":"https:\/\/plazajuarez.mx\/historico\/wp-json\/wp\/v2\/posts\/44710\/revisions"}],"wp:attachment":[{"href":"https:\/\/plazajuarez.mx\/historico\/wp-json\/wp\/v2\/media?parent=44710"}],"wp:term":[{"taxonomy":"category","embeddable":true,"href":"https:\/\/plazajuarez.mx\/historico\/wp-json\/wp\/v2\/categories?post=44710"},{"taxonomy":"post_tag","embeddable":true,"href":"https:\/\/plazajuarez.mx\/historico\/wp-json\/wp\/v2\/tags?post=44710"}],"curies":[{"name":"wp","href":"https:\/\/api.w.org\/{rel}","templated":true}]}}