{"id":44697,"date":"2017-07-17T13:00:41","date_gmt":"2017-07-17T13:00:41","guid":{"rendered":"http:\/\/plazajuarez.mx\/index\/index.php\/2017\/07\/17\/el-zocalo-circular-que-se-niega-a-desaparecer\/"},"modified":"2017-07-17T13:00:41","modified_gmt":"2017-07-17T13:00:41","slug":"el-zocalo-circular-que-se-niega-a-desaparecer","status":"publish","type":"post","link":"https:\/\/plazajuarez.mx\/historico\/el-zocalo-circular-que-se-niega-a-desaparecer\/","title":{"rendered":"El z\u00f3calo circular que se niega a desaparecer"},"content":{"rendered":"<p>Mochilazo en el tiempo<br \/>&#8211; Ante el reciente redescubrimiento del basamento circular que dio nombre al Z\u00f3calo capitalino, hacemos un recuento de los aspectos \u00e9ste desde 1843, cuando lo mand\u00f3 hacer Santa Anna<br \/>La Plaza de la Constituci\u00f3n de la Ciudad de M\u00e9xico, epicentro de la historia nacional, la semana pasada dio de qu\u00e9 hablar cuando el Instituto Nacional de Antropolog\u00eda e Historia (INAH) anunci\u00f3 el redescubrimiento del z\u00f3calo (base circular de una estatua) del monumento que el presiente Antonio L\u00f3pez de Santa Anna pensaba erigir en 1843 en honor de la Independencia nacional.<br \/>El proyecto no fue construido pero permaneci\u00f3 la base, la cual fue encontrada hasta 1983, durante los trabajos de excavaci\u00f3n de la L\u00ednea 8 del Metro, pero se cubri\u00f3 de nuevo y fue encontrada hace unos d\u00edas en la remodelaci\u00f3n del piso del Z\u00f3calo. <br \/>En entrevista con EL UNIVERSAL, Alejandro Meraz Moreno, investigador de la Direcci\u00f3n de Salvamento Arqueol\u00f3gico del INAH, celebra el inter\u00e9s que el hallazgo ha causado. &#8220;Este redescubrimiento [remarca la palabra] resulta relevante porque es el basamento que da nombre de manera popular a lo que es la Plaza de la Constituci\u00f3n. Con el tiempo, \u00e9ste fue trasladado a todas las plazas importantes de la Rep\u00fablica&#8221;.<br \/>Antes de la construcci\u00f3n del z\u00f3calo, el espacio que hoy es conocido as\u00ed era llamado Plaza de Armas o Plaza Mayor. Con el tiempo los capitalinos empezaron a llamarlo Plaza del Z\u00f3calo, hasta que quedar s\u00f3lo en Z\u00f3calo.<br \/>&#8220;No hay referencias de que antes del proyecto de Santa Anna hubiera alguna construcci\u00f3n previa en ese lugar en particular&#8221;. Durante el virreinato la plaza era plana. El arquitecto espa\u00f1ol Lorenzo de la Hidalga fue el encargado de dise\u00f1ar el deseo de Santa Anna, y que consist\u00eda en una columna con una figura alada. En otro punto, hacia el sureste de la plaza, estuvo instalada la estatua ecuestre de Carlos IV, el &#8220;Caballito&#8221;, de 1803 a 1824.<br \/>&#8220;Cuando Santa Anna emite su decreto sobre la demolici\u00f3n del mercado del Pari\u00e1n y la construcci\u00f3n del monumento a la Independencia, es en una de las veces en que \u00e9l est\u00e1 en la presidencia y luego se retira&#8221;, dice Meraz. El desorden pol\u00edtico y econ\u00f3mico de la \u00e9poca impidieron la construcci\u00f3n de lo que iba a ser el homenaje a la lucha de Miguel Hidalgo.<br \/>En 1864, Maximiliano de Habsburgo, en su calidad de segundo emperador de M\u00e9xico, pens\u00f3 en retomar la idea de Santa Anna. Sobre el mismo z\u00f3calo, el austriaco pens\u00f3 en una efigie que estuviera ataviada con ropas ind\u00edgenas. &#8220;Maximiliano siempre se preocup\u00f3 por resaltar las ra\u00edces ind\u00edgenas de la naci\u00f3n. Se menciona que fue Carlota [su esposa] la que coloc\u00f3 la primera piedra&#8221;, apunta el investigador. El fin del Segundo Imperio dio al traste nuevamente con la construcci\u00f3n. S\u00f3lo qued\u00f3 la piedra de la emperatriz.<br \/>Cuando Benito Ju\u00e1rez retoma el poder en 1867, es erigida, en el mismo lugar que escogieron Santa Anna y Maximiliano, una estatua en honor a la Rep\u00fablica Restaurada. Alejandro Meraz comenta que no existen menciones sobre ella salvo algunas fotograf\u00edas. Es probable que haya sido donada por el gobierno de Quer\u00e9taro. Los datos generales de este s\u00edmbolo \u2013qui\u00e9n lo construy\u00f3, cu\u00e1nto med\u00eda, cu\u00e1ntos a\u00f1os estuvo en pie- son desconocidos.<br \/>En 1875, un a\u00f1o antes de la llegada de Porfirio D\u00edaz a la presidencia, fue instalado un kiosco, construido en Par\u00eds, en el lugar de los fallidos monumentos anteriores. Fue instalado para que en \u00e9l tocaran las bandas militares y adorn\u00f3 la plaza hasta 1914, cuando fue donado a Huejutla, Hidalgo.<br \/>A partir de entonces, la superficie fue cubierta con jardines. En todas las fotograf\u00edas de las primeras d\u00e9cadas del siglo XX se observa que el jard\u00edn principal, el central, respetaba el c\u00edrculo del viejo basamento.<br \/>En 1957, durante la remodelaci\u00f3n que plane\u00f3 el regente capitalino Ernesto P. Uruchurtu, las \u00e1reas verdes desaparecieron. El motivo, explica Meraz, fue la funcionalidad de la plaza: era m\u00e1s sencillo mantener limpio el espacio si la superficie era llana. El concreto sepult\u00f3 aquella base.<br \/>&#8220;En ese entonces el principal inter\u00e9s estaba en lo monumental o prehisp\u00e1nico. A este tipo de vestigios no le prestaban mucha atenci\u00f3n. Fue hasta los a\u00f1os 70 que se empez\u00f3 a tomar conciencia de su importancia&#8221;, apunta.<br \/>Otro elemento que forma parte importante del Z\u00f3calo es el astabandera, que ya exist\u00eda en los a\u00f1os 40, pero con otras dimensiones. En 1996, durante la administraci\u00f3n de Ernesto Zedillo, fue colocada la monumental bandera en la plaza principal. Esta colocaci\u00f3n afect\u00f3 apenas la forma original del intento de columna de Santa Anna.<br \/>El z\u00f3calo ha sido cubierto otra vez. Concreto hidr\u00e1ulico ha sustituido a la primitiva plancha. El motivo, se\u00f1ala el investigador del INAH, es la preservaci\u00f3n del monumento. &#8220;Si se dejara abierto el vestigio, no se podr\u00eda asegurar su conservaci\u00f3n, su mantenimiento, su seguridad&#8221;. Para evitar lo anterior, ser\u00e1 cubierto con materiales que permitan en el futuro su exploraci\u00f3n. Se prev\u00e9 que la remodelaci\u00f3n quede lista para las fiestas patrias.<\/p>\n","protected":false},"excerpt":{"rendered":"<p>Mochilazo en el tiempo&#8211; Ante el reciente redescubrimiento del basamento circular que dio nombre al Z\u00f3calo capitalino, hacemos un recuento de los aspectos \u00e9ste desde 1843, cuando lo mand\u00f3 hacer Santa AnnaLa Plaza de la Constituci\u00f3n de la Ciudad de M\u00e9xico, epicentro de la historia nacional, la semana pasada dio de qu\u00e9 hablar cuando el [&hellip;]<\/p>\n","protected":false},"author":93,"featured_media":0,"comment_status":"open","ping_status":"open","sticky":false,"template":"","format":"standard","meta":{"footnotes":""},"categories":[42],"tags":[],"class_list":["post-44697","post","type-post","status-publish","format-standard","hentry","category-nuestrapalabra"],"_links":{"self":[{"href":"https:\/\/plazajuarez.mx\/historico\/wp-json\/wp\/v2\/posts\/44697","targetHints":{"allow":["GET"]}}],"collection":[{"href":"https:\/\/plazajuarez.mx\/historico\/wp-json\/wp\/v2\/posts"}],"about":[{"href":"https:\/\/plazajuarez.mx\/historico\/wp-json\/wp\/v2\/types\/post"}],"author":[{"embeddable":true,"href":"https:\/\/plazajuarez.mx\/historico\/wp-json\/wp\/v2\/users\/93"}],"replies":[{"embeddable":true,"href":"https:\/\/plazajuarez.mx\/historico\/wp-json\/wp\/v2\/comments?post=44697"}],"version-history":[{"count":0,"href":"https:\/\/plazajuarez.mx\/historico\/wp-json\/wp\/v2\/posts\/44697\/revisions"}],"wp:attachment":[{"href":"https:\/\/plazajuarez.mx\/historico\/wp-json\/wp\/v2\/media?parent=44697"}],"wp:term":[{"taxonomy":"category","embeddable":true,"href":"https:\/\/plazajuarez.mx\/historico\/wp-json\/wp\/v2\/categories?post=44697"},{"taxonomy":"post_tag","embeddable":true,"href":"https:\/\/plazajuarez.mx\/historico\/wp-json\/wp\/v2\/tags?post=44697"}],"curies":[{"name":"wp","href":"https:\/\/api.w.org\/{rel}","templated":true}]}}