{"id":44502,"date":"2017-07-13T05:53:51","date_gmt":"2017-07-13T05:53:51","guid":{"rendered":"http:\/\/plazajuarez.mx\/index\/index.php\/2017\/07\/13\/juicio-de-nulidad-para-anular-contrato-de-los-parquimetros\/"},"modified":"2017-07-13T05:53:51","modified_gmt":"2017-07-13T05:53:51","slug":"juicio-de-nulidad-para-anular-contrato-de-los-parquimetros","status":"publish","type":"post","link":"https:\/\/plazajuarez.mx\/historico\/juicio-de-nulidad-para-anular-contrato-de-los-parquimetros\/","title":{"rendered":"Juicio de nulidad para anular contrato de los parqu\u00edmetros"},"content":{"rendered":"<p>SE BUSCA \u201cQUE TODO SEA TRANSPARENTE PARA LA CIUDADAN\u00cdA\u201d \u00a0 <br \/>\u00a0\u00a0 \u00a0\u2022\u00a0\u00a0 \u00a0El Tribunal Fiscal Administrativo acord\u00f3 darle entrada a un juicio de nulidad para revocar el contrato de los parqu\u00edmetros en la ciudad de Pachuca\u2028<\/p>\n<p>  <!--more-->  <\/p>\n<p>El ex candidato independiente para la presidencia municipal de Pachuca, Julio Menchaca, junto con el regidor Nabor Rojas Mancera, dieron a conocer que el Tribunal Fiscal Administrativo del estado de Hidalgo, acord\u00f3 dar entrada a un juicio de nulidad en el tema de los parqu\u00edmetros en Pachuca, y as\u00ed echar abajo dicho contrato.<br \/>Menchaca Salazar, quien seg\u00fan el regidor Rojas ha sido quien ha llevado todo el tema jur\u00eddico para anular el contrato de los parqu\u00edmetros, indic\u00f3 que se busca \u201cque todo sea transparente para la ciudadan\u00eda\u201d, e inform\u00f3 que el Tribunal Fiscal Administrativo acord\u00f3 darle entrada a un juicio de nulidad para revocar el contrato de los parqu\u00edmetros en la ciudad de Pachuca, \u201cel tribunal consider\u00f3 que es posible revocar el contrato de los parqu\u00edmetros porque violenta lo dispuesto en el art\u00edculo 115 de la Constituci\u00f3n Pol\u00edtica, as\u00ed como el art\u00edculo 109 de la Ley Org\u00e1nica Municipal\u201d, subray\u00f3.<br \/>De igual manera, el ex candidato indic\u00f3 que \u201cen un municipio \u00e1vido de recursos para much\u00edsimas necesidades, no puede ser posible que se le haga un regalo como lo hizo el contrato de parqu\u00edmetros, y mucho menos a una empresa que ni siquiera es del estado de Hidalgo, porque de ser legal dicho contrato, incurrir\u00edan en otra falta, al no darle prioridad a las empresas estatales o municipales para la concesi\u00f3n de servicios\u201d.<br \/>El abogado tambi\u00e9n asever\u00f3 que conf\u00edan en el trabajo y la experiencia de los magistrados del Tribunal Fiscal, por lo que cualquiera sea la resoluci\u00f3n de esta tema, ser\u00e1 respetada, \u201cTenemos confianza en los magistrados, poseen una trayectoria intachable y vamos a respetar la decisi\u00f3n que tome el tribunal, aunque una vez que se d\u00e9 el fallo, cualquiera de las dos partes podr\u00e1 irse a instancias federales.<br \/>\u201cTambi\u00e9n es prudente aclarar que no estamos en contra de los parqu\u00edmetros, creemos que deben utilizarse como elemento de movilidad, no como ahora, que es por una ocurrencia, solo queremos que se cumplan tres puntos clave: el primero es c\u00f3mo debe establecerse y c\u00f3mo debe de crecer este programa de parqu\u00edmetros; el segundo punto es que est\u00e9 socializado, es decir, que se tome en cuenta a la ciudadan\u00eda, y finalmente, que no beneficie a una empresa particular, que se haga una empresa paramunicipal, para que los ingresos puedan ser usados en beneficio de la ciudadan\u00eda\u201d.<\/p>\n","protected":false},"excerpt":{"rendered":"<p>SE BUSCA \u201cQUE TODO SEA TRANSPARENTE PARA LA CIUDADAN\u00cdA\u201d \u00a0 \u00a0\u00a0 \u00a0\u2022\u00a0\u00a0 \u00a0El Tribunal Fiscal Administrativo acord\u00f3 darle entrada a un juicio de nulidad para revocar el contrato de los parqu\u00edmetros en la ciudad de Pachuca\u2028<\/p>\n","protected":false},"author":93,"featured_media":0,"comment_status":"open","ping_status":"open","sticky":false,"template":"","format":"standard","meta":{"footnotes":""},"categories":[59],"tags":[],"class_list":["post-44502","post","type-post","status-publish","format-standard","hentry","category-general"],"_links":{"self":[{"href":"https:\/\/plazajuarez.mx\/historico\/wp-json\/wp\/v2\/posts\/44502","targetHints":{"allow":["GET"]}}],"collection":[{"href":"https:\/\/plazajuarez.mx\/historico\/wp-json\/wp\/v2\/posts"}],"about":[{"href":"https:\/\/plazajuarez.mx\/historico\/wp-json\/wp\/v2\/types\/post"}],"author":[{"embeddable":true,"href":"https:\/\/plazajuarez.mx\/historico\/wp-json\/wp\/v2\/users\/93"}],"replies":[{"embeddable":true,"href":"https:\/\/plazajuarez.mx\/historico\/wp-json\/wp\/v2\/comments?post=44502"}],"version-history":[{"count":0,"href":"https:\/\/plazajuarez.mx\/historico\/wp-json\/wp\/v2\/posts\/44502\/revisions"}],"wp:attachment":[{"href":"https:\/\/plazajuarez.mx\/historico\/wp-json\/wp\/v2\/media?parent=44502"}],"wp:term":[{"taxonomy":"category","embeddable":true,"href":"https:\/\/plazajuarez.mx\/historico\/wp-json\/wp\/v2\/categories?post=44502"},{"taxonomy":"post_tag","embeddable":true,"href":"https:\/\/plazajuarez.mx\/historico\/wp-json\/wp\/v2\/tags?post=44502"}],"curies":[{"name":"wp","href":"https:\/\/api.w.org\/{rel}","templated":true}]}}