{"id":44501,"date":"2017-07-13T05:53:16","date_gmt":"2017-07-13T05:53:16","guid":{"rendered":"http:\/\/plazajuarez.mx\/index\/index.php\/2017\/07\/13\/alfil-negro-851\/"},"modified":"2017-07-13T05:53:16","modified_gmt":"2017-07-13T05:53:16","slug":"alfil-negro-851","status":"publish","type":"post","link":"https:\/\/plazajuarez.mx\/historico\/alfil-negro-851\/","title":{"rendered":"ALFIL NEGRO"},"content":{"rendered":"<p>U\u00d1AS RECORTADAS\u2026<br \/>La propuesta del Gobernador OMAR FAYAD \u00a0de cerrarle el paso a la corrupci\u00f3n en su gobierno y de no m\u00e1s \u201cmoches\u201d ni diezmos\u201d como expresi\u00f3n de actos corruptos, fue bien recibida por la ciudadan\u00eda que estaba harta de ciertas pr\u00e1cticas, que a lo mejor los practicantes pensaron que nadie las miraba, pero que lo cierto es que todo mundo lo sab\u00eda y los ten\u00edan hartos y exig\u00edan un cambio y un fren\u00f3n a esos modos en que de la noche a la ma\u00f1ana amanec\u00edan nuevos millonarios como por arte de magia, sin que nada pasara con estas gentes que aprovechaban los cargos p\u00fablicos para despacharse con la cuchara grande bien del presupuesto o de las mil maneras que encontraban para hacerse de buen dinero.<\/p>\n<p>  <!--more-->  <\/p>\n<p>Sin embargo, la propuesta del gobernador hecha en su toma de protesta en el auditorio Gota de Plata, exig\u00eda aparte de una decisi\u00f3n de buena voluntad una estructura del marco legal que diera bases legales a las acciones que marcaran penalidades a quienes pretendieran seguir con esas pr\u00e1cticas de abuso en la funci\u00f3n p\u00fablica.<br \/>Para estar \u00a0a tono con el Sistema Nacional contra la corrupci\u00f3n, nuestro estado ten\u00eda que terminar los trabajos de homologaci\u00f3n de su sistema a m\u00e1s tardar el 15 de julio, esto es en dos d\u00edas m\u00e1s, pero de hecho ya lo termin\u00f3 el 11 de este mes con las \u00faltimas reformas al C\u00f3digo penal \u00a0que contempla 5 delitos cometidos por servidores p\u00fablicos \u00a0y que son : intimidaci\u00f3n, enriquecimiento il\u00edcito, uso il\u00edcito de atribuciones, tr\u00e1fico de influencias, y uso il\u00edcito de atribuciones y facultades relacionadas con particulares.<br \/>Antes, el 4 de julio el Congreso hab\u00eda aprobado dos leyes : la del Sistema Estatal Anticorrupci\u00f3n, la del Tribunal de Justicia Administrativa \u00a0as\u00ed \u00a0como las reformas a la Ley Org\u00e1nica de la Administraci\u00f3n P\u00fablica, la de la Ley Org\u00e1nica del Poder Judicial \u00a0y la de la Ley del Tribunal de Justicia Administrativa, restando ya con esta base la convocatoria para la designaci\u00f3n del Fiscal Anticorrupci\u00f3n de Hidalgo .<br \/>En este trabajo se debe reconocer el trabajo del gobernador que no dio un paso atr\u00e1s en su compromiso de toma de posesi\u00f3n, de los se\u00f1ores diputados que con algunas poses de protagonismo de algunos de ellos, \u00a0pero en general con buena disposici\u00f3n y amor a su estado le echaron ganas; de funcionarios del gobierno estatal como CITLALI JARAMILLO que desde su parcela de la Contralor\u00eda no quit\u00f3 el pie del acelerador para que el Sistema saliera por fin, y se tenga el Sistema Estatal Anticorrupci\u00f3n que cierra viejas puertas y abre un nuevo horizonte que a todos conviene.<br \/>Quien gana finalmente es la ciudadan\u00eda porque ver\u00e1 que su dinero, porque el dinero que maneja el estado tiene un due\u00f1o que es el pueblo, se destinar\u00e1 a lo que se debe destinar, \u00a0o como dijo el gobernador FAYAD en su toma de posesi\u00f3n : \u201cLOS RECURSOS SE EJERCER\u00c1N EN DONDE DEBEN\u201d .<br \/>Parece algo tan sencillo y tan l\u00f3gico, pero a lo mejor no se hac\u00eda as\u00ed y hubo necesidad de crear todo un sistema como el que ya se tiene y que a \u00a0la brevedad se pondr\u00e1 en pr\u00e1ctica para que no crezcan las u\u00f1as largas, para cortarlas si hace falta y para castigar a quien se pase de listo.<br \/>Ese puede y debe ser sin duda un punto importante en el Primer Informe de Gobierno, poder decirle a la ciudadan\u00eda, que quien se pase de vivo, tendr\u00e1 que responder ante la ley y que para empezar los servidores p\u00fablicos a los que se les compruebe un hecho \u00a0de corrupci\u00f3n ser\u00e1n suspendidos o bien se les privar\u00e1 e inhabilitar\u00e1 de sus derechos, funciones, cargos, comisiones, empleos \u00a0o profesiones.<br \/>As\u00ed que la cosa va en serio.<br \/>Como quien dice, cero u\u00f1as largas.<br \/>Y la verdad est\u00e1 muy bien.<br \/>Porque esas historias no se deben repetir.<\/p>\n","protected":false},"excerpt":{"rendered":"<p>U\u00d1AS RECORTADAS\u2026La propuesta del Gobernador OMAR FAYAD \u00a0de cerrarle el paso a la corrupci\u00f3n en su gobierno y de no m\u00e1s \u201cmoches\u201d ni diezmos\u201d como expresi\u00f3n de actos corruptos, fue bien recibida por la ciudadan\u00eda que estaba harta de ciertas pr\u00e1cticas, que a lo mejor los practicantes pensaron que nadie las miraba, pero que lo [&hellip;]<\/p>\n","protected":false},"author":93,"featured_media":0,"comment_status":"open","ping_status":"open","sticky":false,"template":"","format":"standard","meta":{"footnotes":""},"categories":[48],"tags":[],"class_list":["post-44501","post","type-post","status-publish","format-standard","hentry","category-adalberto-peralta"],"_links":{"self":[{"href":"https:\/\/plazajuarez.mx\/historico\/wp-json\/wp\/v2\/posts\/44501","targetHints":{"allow":["GET"]}}],"collection":[{"href":"https:\/\/plazajuarez.mx\/historico\/wp-json\/wp\/v2\/posts"}],"about":[{"href":"https:\/\/plazajuarez.mx\/historico\/wp-json\/wp\/v2\/types\/post"}],"author":[{"embeddable":true,"href":"https:\/\/plazajuarez.mx\/historico\/wp-json\/wp\/v2\/users\/93"}],"replies":[{"embeddable":true,"href":"https:\/\/plazajuarez.mx\/historico\/wp-json\/wp\/v2\/comments?post=44501"}],"version-history":[{"count":0,"href":"https:\/\/plazajuarez.mx\/historico\/wp-json\/wp\/v2\/posts\/44501\/revisions"}],"wp:attachment":[{"href":"https:\/\/plazajuarez.mx\/historico\/wp-json\/wp\/v2\/media?parent=44501"}],"wp:term":[{"taxonomy":"category","embeddable":true,"href":"https:\/\/plazajuarez.mx\/historico\/wp-json\/wp\/v2\/categories?post=44501"},{"taxonomy":"post_tag","embeddable":true,"href":"https:\/\/plazajuarez.mx\/historico\/wp-json\/wp\/v2\/tags?post=44501"}],"curies":[{"name":"wp","href":"https:\/\/api.w.org\/{rel}","templated":true}]}}