{"id":44498,"date":"2017-07-13T05:51:46","date_gmt":"2017-07-13T05:51:46","guid":{"rendered":"http:\/\/plazajuarez.mx\/index\/index.php\/2017\/07\/13\/dese-por-enterado-230\/"},"modified":"2020-04-14T19:08:05","modified_gmt":"2020-04-14T19:08:05","slug":"dese-por-enterado-230","status":"publish","type":"post","link":"https:\/\/plazajuarez.mx\/historico\/dese-por-enterado-230\/","title":{"rendered":"DESE POR ENTERADO"},"content":{"rendered":"<p>ALBERTO MEL\u00c9NDEZ APODACA.- Apenas a unos d\u00edas de dejar la presidencia del Comit\u00e9 Directivo Estatal del PRI, rindi\u00f3 juramento como nuevo delegado en Hidalgo de la SEMARNAT. Y por supuesto este nombramiento de Alberto Mel\u00e9ndez no es gratuito, tiene un mucho de mensaje por parte de quien usted ya sabe. Algo as\u00ed como el texto b\u00edblico se escuch\u00f3 en el acto celebrado ante el titular de la dependencia a nivel federal, Rafael Pacchiano, \u201ceste es mi hijo amado, en el que tengo complacencia\u201d. Digo, hay que guardar las proporciones, pero el mensaje va en ese rumbo.<\/p>\n<p>  <!--more-->  <\/p>\n<p>\u00a0\u00a0 \u00a0\u00a0\u00a0 \u00a0\u00a0\u00a0 \u00a0\u00a0\u00a0 \u00a0\u00a0\u00a0 \u00a0***<br \/>JULIO MENCHACA SALAZAR.- El ex candidato ciudadano a la presidencia municipal de Pachuca, mantiene una actividad importante como asesor jur\u00eddico, en este caso del regidor Nabor Rojas, para impulsar una demanda contra los parqu\u00edmetros en la ciudad capital. Ex militante del Revolucionario Institucional, quien fuera presidente del Tribunal Superior de Justicia, pudo haber sido la mejor carta del tricolor para ganar la alcald\u00eda pachuque\u00f1a que finalmente qued\u00f3 en manos de la panista Yoli Teller\u00eda. De sobrada y reconocida capacidad, es uno de esos casos explicables pero no explicados de ostracismos pol\u00edtico, en que el partido en el poder deja de lado a uno de sus mejores cuadros. Seguramente lo veremos en breve en la b\u00fasqueda de una diputaci\u00f3n federal, que sin duda podr\u00eda alcanzar si tiene el apoyo de un partido pol\u00edtico de val\u00eda.<br \/>\u00a0\u00a0 \u00a0\u00a0\u00a0 \u00a0\u00a0\u00a0 \u00a0\u00a0\u00a0 \u00a0\u00a0\u00a0 \u00a0***<br \/>DIPUTADOS VIAJEROS.- Ser\u00eda prudente que alguien explicara a fondo el trabajo de un diputado federal, y la necesidad o no de que haga viajes de tipo internacional. Sin embargo puedo adelantarle que en cualquier Congreso del mundo que usted mande y ordene, es pr\u00e1ctica com\u00fan que se mande a un legislador o varios a representar al Poder Legislativo a una reuni\u00f3n en determinada naci\u00f3n. No es ninguna novedad, y tampoco se descubre el hilo negro cuando se dan pormenores de los gastos realizados. Si en un af\u00e1n por colgarles el santo de sinverg\u00fcenzas se hacen comparativos de todo lo que se har\u00eda con lo que gastan para beneficiar a los ind\u00edgenas del estado, est\u00e1 claro que la puesta en escena sale bien. Pero en t\u00e9rminos serios resulta una t\u00e1ctica poco seria para buscar agarrarles los dedos en la puerta.<br \/>\u00a0\u00a0 \u00a0\u00a0\u00a0 \u00a0\u00a0\u00a0 \u00a0\u00a0\u00a0 \u00a0\u00a0\u00a0 \u00a0***<br \/>RUFINO LE\u00d3N TOVAR.- El secretario de Movilidad y Transporte del gobierno estatal ha dado buenas muestras de lo que era posible hacer con el Tuzob\u00fas, que luego de ser puesto en el banquillo de los acusados como la peor obra de que se tenga memoria, result\u00f3 que no. Sin embargo como que todav\u00eda nos queda a deber lo que se har\u00e1 con los monopolios de taxis y combis de los Solares y compa\u00f1\u00eda, que de plano no cambian en actitud. Se espera en breve un anuncio importante tanto en el asunto del Tuzob\u00fas como en lo del acaparamiento brutal de concesiones que unas cuantas familias lleva a cabo desde hace mucho, pero mucho tiempo.<br \/>\u00a0\u00a0 \u00a0\u00a0\u00a0 \u00a0\u00a0\u00a0 \u00a0\u00a0\u00a0 \u00a0\u00a0\u00a0 \u00a0***<br \/>Por hoy, usted puede DARSE POR ENTERADO<br \/>desexenterado@gmail.com<br \/>@desexenterado<\/p>\n","protected":false},"excerpt":{"rendered":"<p>ALBERTO MEL\u00c9NDEZ APODACA.- Apenas a unos d\u00edas de dejar la presidencia del Comit\u00e9 Directivo Estatal del PRI, rindi\u00f3 juramento como nuevo delegado en Hidalgo de la SEMARNAT. Y por supuesto este nombramiento de Alberto Mel\u00e9ndez no es gratuito, tiene un mucho de mensaje por parte de quien usted ya sabe. Algo as\u00ed como el texto [&hellip;]<\/p>\n","protected":false},"author":93,"featured_media":0,"comment_status":"open","ping_status":"open","sticky":false,"template":"","format":"standard","meta":{"footnotes":""},"categories":[83,42],"tags":[],"class_list":["post-44498","post","type-post","status-publish","format-standard","hentry","category-dese-por-enterado","category-nuestrapalabra"],"_links":{"self":[{"href":"https:\/\/plazajuarez.mx\/historico\/wp-json\/wp\/v2\/posts\/44498","targetHints":{"allow":["GET"]}}],"collection":[{"href":"https:\/\/plazajuarez.mx\/historico\/wp-json\/wp\/v2\/posts"}],"about":[{"href":"https:\/\/plazajuarez.mx\/historico\/wp-json\/wp\/v2\/types\/post"}],"author":[{"embeddable":true,"href":"https:\/\/plazajuarez.mx\/historico\/wp-json\/wp\/v2\/users\/93"}],"replies":[{"embeddable":true,"href":"https:\/\/plazajuarez.mx\/historico\/wp-json\/wp\/v2\/comments?post=44498"}],"version-history":[{"count":0,"href":"https:\/\/plazajuarez.mx\/historico\/wp-json\/wp\/v2\/posts\/44498\/revisions"}],"wp:attachment":[{"href":"https:\/\/plazajuarez.mx\/historico\/wp-json\/wp\/v2\/media?parent=44498"}],"wp:term":[{"taxonomy":"category","embeddable":true,"href":"https:\/\/plazajuarez.mx\/historico\/wp-json\/wp\/v2\/categories?post=44498"},{"taxonomy":"post_tag","embeddable":true,"href":"https:\/\/plazajuarez.mx\/historico\/wp-json\/wp\/v2\/tags?post=44498"}],"curies":[{"name":"wp","href":"https:\/\/api.w.org\/{rel}","templated":true}]}}