{"id":4431,"date":"2015-04-29T05:00:00","date_gmt":"2015-04-29T05:00:00","guid":{"rendered":"http:\/\/plazajuarez.mx\/index\/index.php\/2015\/04\/29\/baltimore-tomada-por-las-fuerzas-de-seguridad\/"},"modified":"2015-04-29T05:00:00","modified_gmt":"2015-04-29T05:00:00","slug":"baltimore-tomada-por-las-fuerzas-de-seguridad","status":"publish","type":"post","link":"https:\/\/plazajuarez.mx\/historico\/baltimore-tomada-por-las-fuerzas-de-seguridad\/","title":{"rendered":"Baltimore, tomada por las fuerzas de seguridad"},"content":{"rendered":"<ul>\n<li><strong><strong>Unos 5.000 polic\u00edas y 1.500 miembros de la Guardia Nacional se desplegaron ayer tras los violentos disturbios de la noche del lunes<\/strong><\/strong> <!--more--> <\/li>\n<\/ul>\n<p>Baltimore amanceci\u00f3 ayer como una ciudad pr\u00e1cticamente tomada por las fuerzas de la ley tras los violentos disturbios del lunes, cuando el \u00faltimo adi\u00f3s a Freddie Gray, el joven afroamericano que muri\u00f3 el 19 de abril bajo custodia policial en Baltimore, Maryland, se convirti\u00f3 en un nuevo clamor contra los prejuicios y abusos de la polic\u00eda de EU contra la poblaci\u00f3n negra. La jornada, que comenz\u00f3 de forma pac\u00edfica, acab\u00f3 derivando en fuertes des\u00f3rdenes por parte de un grupo de violentos manifestantes, en su mayor\u00eda j\u00f3venes, que causaron pillaje y destrozos en algunas partes de la ciudad y llevaron a las autoridades a ordenar fuertes medidas de seguridad.<\/p>\n<p>Los agentes resguardaron ayer los principales edificios y zonas turistas de la urbe, mientras equipos de ciudadanos se contactan por las redes sociales para organizarse y ayudar a limpiar el caos de una noche de violencia y pillaje. Polic\u00edas, miembros de la Guardia Nacional activada el lunes y otros agentes de la ley est\u00e1n apostados en calles del centro de Baltimore que tambi\u00e9n aparecen fuertemente valladas.<\/p>\n<p>Al menos 15 agentes resultaron heridos en los incidentes que se empezaron a registrar tras el sepelio de Gray y que causaron la detenci\u00f3n de casi tres decenas de personas, en su mayor\u00eda j\u00f3venes. El gobernador del Estado de Maryland, Larry Hogan, declar\u00f3 el estado de emergencia a petici\u00f3n de Baltimore y anunci\u00f3 la activaci\u00f3n de la Guardia Nacional para responder a la &#8220;creciente violencia y disturbios&#8221; en esta ciudad. Hogan calific\u00f3 estas medidas como &#8220;el \u00faltimo recurso&#8221; para restaurar el orden. De hecho, en declaraciones posteriores a la prensa reconoci\u00f3 que la orden estaba lista desde el s\u00e1bado, pero que las autoridades estatales y locales prefirieron esperar a tomar una medida tan dr\u00e1stica. (Agencias)<\/p>\n","protected":false},"excerpt":{"rendered":"<p>Unos 5.000 polic\u00edas y 1.500 miembros de la Guardia Nacional se desplegaron ayer tras los violentos disturbios de la noche del lunes<\/p>\n","protected":false},"author":93,"featured_media":0,"comment_status":"open","ping_status":"open","sticky":false,"template":"","format":"standard","meta":{"footnotes":""},"categories":[31],"tags":[],"class_list":["post-4431","post","type-post","status-publish","format-standard","hentry","category-orbe"],"_links":{"self":[{"href":"https:\/\/plazajuarez.mx\/historico\/wp-json\/wp\/v2\/posts\/4431","targetHints":{"allow":["GET"]}}],"collection":[{"href":"https:\/\/plazajuarez.mx\/historico\/wp-json\/wp\/v2\/posts"}],"about":[{"href":"https:\/\/plazajuarez.mx\/historico\/wp-json\/wp\/v2\/types\/post"}],"author":[{"embeddable":true,"href":"https:\/\/plazajuarez.mx\/historico\/wp-json\/wp\/v2\/users\/93"}],"replies":[{"embeddable":true,"href":"https:\/\/plazajuarez.mx\/historico\/wp-json\/wp\/v2\/comments?post=4431"}],"version-history":[{"count":0,"href":"https:\/\/plazajuarez.mx\/historico\/wp-json\/wp\/v2\/posts\/4431\/revisions"}],"wp:attachment":[{"href":"https:\/\/plazajuarez.mx\/historico\/wp-json\/wp\/v2\/media?parent=4431"}],"wp:term":[{"taxonomy":"category","embeddable":true,"href":"https:\/\/plazajuarez.mx\/historico\/wp-json\/wp\/v2\/categories?post=4431"},{"taxonomy":"post_tag","embeddable":true,"href":"https:\/\/plazajuarez.mx\/historico\/wp-json\/wp\/v2\/tags?post=4431"}],"curies":[{"name":"wp","href":"https:\/\/api.w.org\/{rel}","templated":true}]}}