{"id":4428,"date":"2015-04-29T05:00:00","date_gmt":"2015-04-29T05:00:00","guid":{"rendered":"http:\/\/plazajuarez.mx\/index\/index.php\/2015\/04\/29\/empresarios-llaman-ahora-a-rescatar-al-imss-y-al-sistema-de-ahorro-para-el-retiro\/"},"modified":"2015-04-29T05:00:00","modified_gmt":"2015-04-29T05:00:00","slug":"empresarios-llaman-ahora-a-rescatar-al-imss-y-al-sistema-de-ahorro-para-el-retiro","status":"publish","type":"post","link":"https:\/\/plazajuarez.mx\/historico\/empresarios-llaman-ahora-a-rescatar-al-imss-y-al-sistema-de-ahorro-para-el-retiro\/","title":{"rendered":"Empresarios llaman ahora a rescatar al  IMSS y al sistema de ahorro para el retiro"},"content":{"rendered":"<ul>\n<li><strong>Piden revisar el contrato colectivo de trabajo de empleados del IMSS<\/strong><\/li>\n<li><strong><strong>Tambi\u00e9n quieren se usen los recursos de la subcuenta de vivienda para pagar pensiones<\/strong><\/strong> <!--more--> <\/li>\n<\/ul>\n<p>M\u00e9xico, DF.- La Confederaci\u00f3n Patronal de la Rep\u00fablica Mexicana (Coparmex) llam\u00f3 a un acuerdo para rescatar al Instituto Mexicano del Seguro Social y al sistema de ahorro para el retiro para que no sea &#8220;una carga fiscal&#8221;.<\/p>\n<p>La propuesta patronal va desde la revisi\u00f3n del contrato colectivo de trabajo de los empleados del IMSS, pasando por la mayor aportaci\u00f3n de los trabajadores, el uso de los recursos de la subcuenta de vivienda para pagar pensiones, y ampliar los instrumentos de inversi\u00f3n de los ahorros.<\/p>\n<p>El presidente de la Coparmex, Juan Pablo Casta\u00f1\u00f3n, dijo que &#8220;es necesario atender las se\u00f1ales de agotamiento&#8221; del IMSS y pidi\u00f3 &#8220;reforzar&#8221; el sistema de ahorro para el retiro para que los trabajadores mexicanos que iniciaron a laborar despu\u00e9s del segundo semestre de 1997 puedan elevar sus aportaciones y recibir mejores pensiones.<\/p>\n<p>Advirti\u00f3 que &#8220;de mantenerse la estructura actual se corre el riesgo de que el Instituto se colapse\u201d.<\/p>\n<p>\u201cEl ahorro para el retiro no tiene que ser una carga fiscal, busquemos esquemas para que el gravamen en beneficio del trabajador pueda ser deducido por la empresa, y que el gobierno destine esos recursos a fortalecer el ahorro de largo plazo\u201d, se\u00f1al\u00f3. (Agencias)<\/p>\n","protected":false},"excerpt":{"rendered":"<p>Piden revisar el contrato colectivo de trabajo de empleados del IMSS Tambi\u00e9n quieren se usen los recursos de la subcuenta de vivienda para pagar pensiones<\/p>\n","protected":false},"author":93,"featured_media":0,"comment_status":"open","ping_status":"open","sticky":false,"template":"","format":"standard","meta":{"footnotes":""},"categories":[36],"tags":[],"class_list":["post-4428","post","type-post","status-publish","format-standard","hentry","category-nacion"],"_links":{"self":[{"href":"https:\/\/plazajuarez.mx\/historico\/wp-json\/wp\/v2\/posts\/4428","targetHints":{"allow":["GET"]}}],"collection":[{"href":"https:\/\/plazajuarez.mx\/historico\/wp-json\/wp\/v2\/posts"}],"about":[{"href":"https:\/\/plazajuarez.mx\/historico\/wp-json\/wp\/v2\/types\/post"}],"author":[{"embeddable":true,"href":"https:\/\/plazajuarez.mx\/historico\/wp-json\/wp\/v2\/users\/93"}],"replies":[{"embeddable":true,"href":"https:\/\/plazajuarez.mx\/historico\/wp-json\/wp\/v2\/comments?post=4428"}],"version-history":[{"count":0,"href":"https:\/\/plazajuarez.mx\/historico\/wp-json\/wp\/v2\/posts\/4428\/revisions"}],"wp:attachment":[{"href":"https:\/\/plazajuarez.mx\/historico\/wp-json\/wp\/v2\/media?parent=4428"}],"wp:term":[{"taxonomy":"category","embeddable":true,"href":"https:\/\/plazajuarez.mx\/historico\/wp-json\/wp\/v2\/categories?post=4428"},{"taxonomy":"post_tag","embeddable":true,"href":"https:\/\/plazajuarez.mx\/historico\/wp-json\/wp\/v2\/tags?post=4428"}],"curies":[{"name":"wp","href":"https:\/\/api.w.org\/{rel}","templated":true}]}}