{"id":44271,"date":"2017-07-09T13:45:12","date_gmt":"2017-07-09T13:45:12","guid":{"rendered":"http:\/\/plazajuarez.mx\/index\/index.php\/2017\/07\/09\/el-lugar-de-nunca-jamas\/"},"modified":"2017-07-09T13:45:12","modified_gmt":"2017-07-09T13:45:12","slug":"el-lugar-de-nunca-jamas","status":"publish","type":"post","link":"https:\/\/plazajuarez.mx\/historico\/el-lugar-de-nunca-jamas\/","title":{"rendered":"El lugar de nunca jam\u00e1s"},"content":{"rendered":"<p>\u00a0\u2022\u00a0\u00a0 \u00a0Debe quedar claro que el abuso y el maltrato infantil no puede tener cabida ni en este ni en ning\u00fan otro lugar jam\u00e1s\u2028<\/p>\n<p>  <!--more-->  <\/p>\n<p>A 3 a\u00f1os del dolor y el horror encontrados en el albergue de Mam\u00e1 Rosa, hoy est\u00e1 a la vista un nuevo caso de maltrato, abuso y ultraje a m\u00e1s de un centenar de ni\u00f1os y ni\u00f1as en albergues pertenecientes a una misma Asociaci\u00f3n Civil en Guanajuato.<br \/>El asunto se hizo visible a partir de que el DIF busc\u00f3 proteger a una ni\u00f1a a la que una monja le hab\u00eda quemado las manitas en la estufa por haber robado una plastilina. El sacerdote responsable de los albergues promovi\u00f3 un amparo en representaci\u00f3n de la ni\u00f1a buscando evitar que fuera separada del lugar.<br \/>La titular del juzgado noveno de Distrito en Guanajuato pidi\u00f3 a las autoridades locales (Exp. 475\/2016) una serie de acciones para conocer el contexto general en el que viv\u00eda la ni\u00f1a. De los informes se desprenden varias irregularidades, entre otras, que ninguno de los albergues ten\u00eda registro ante las instancias de asistencia social del Estado.<br \/>Por orden de la jueza se recogieron testimonios de varios ni\u00f1os y ni\u00f1as que presentaban huellas de maltrato. Los m\u00e1s peque\u00f1os dijeron que los golpeaban con un palo, pero que la madre les hab\u00eda dicho que no lo dijeran porque les iban a cerrar la casa y no iban a tener adonde ir.<br \/>Al albergue han llegado algunos ni\u00f1os abandonados, pero en su mayor\u00eda son menores de edad a los que sus familiares han internado ah\u00ed por falta de recursos econ\u00f3micos. Contrariamente a lo se\u00f1alado en leyes y Convenciones, en el albergue se obliga a firmar a los padres, a la madre, o a quien lleve al ni\u00f1o o a la ni\u00f1a, un documento \u2014transcrito en la sentencia\u2014 donde la persona &#8220;manifiesta expresamente que requiere apoyo para albergar a la menor a fin de que se garantice su sano desarrollo f\u00edsico\u2026 cediendo la custodia y patria potestad para siempre jam\u00e1s a favor del presb\u00edtero encargado del lugar&#8221; y el sacerdote &#8220;expresa su deseo de apoyar, respetar y aceptar la custodia y patria potestad para siempre jam\u00e1s del menor&#8221; firman &#8220;libres de coacci\u00f3n o violencia, dolo o mala fe, manifestando entender las consecuencias legales de este acto&#8221;. El acto por supuesto es nulo, pero en la propia sentencia constan varios testimonios de personas que despu\u00e9s de visitar a sus hijos y constatar el maltrato intentaron recuperarlos y las peripecias por las que tuvieron que pasar.<br \/>Asimismo, se da el consentimiento para que las visitas a los ni\u00f1os y ni\u00f1as se den por quince minutos cada seis meses. Una persona del albergue acompa\u00f1a el encuentro.<br \/>El asunto en cuesti\u00f3n ha llegado al punto de que varios ni\u00f1os perdieron sus apellidos originales y, en consecuencia su filiaci\u00f3n, porque se los sustituyeron en el Registro Civil por la combinaci\u00f3n del paterno del sacerdote y el paterno de una de las monjas.<br \/>El sacerdote se ha ostentado como padre de ciento treinta y cuatro personas de acuerdo con informaci\u00f3n presentada por la Procuradora Estatal de Protecci\u00f3n de Ni\u00f1as, Ni\u00f1os y Adolescentes de Guanajuato a la jueza. Por esa raz\u00f3n, en la sentencia tambi\u00e9n se ordena la investigaci\u00f3n correspondiente al Registro Civil que, en principio, es una instituci\u00f3n de buena fe.<br \/>La jueza, empleando el inter\u00e9s leg\u00edtimo, ampli\u00f3 la protecci\u00f3n de la ni\u00f1a hacia todos los dem\u00e1s ni\u00f1os, ni\u00f1as y adolescentes que viven en los cinco albergues visitados; sin embargo, la sentencia fue recurrida y ser\u00e1 un Tribunal Colegiado quien la confirme u ordene reponer el procedimiento.<br \/>Independientemente del curso del asunto en tribunales, hay una tarea pendiente para todas las instancias protectoras de la infancia para quienes el inter\u00e9s superior de los menores tiene que ser el eje rector.<br \/>Ya se han presentado anteriormente denuncias que no trajeron consigo la protecci\u00f3n a los ni\u00f1os ni sanci\u00f3n alguna. Debe quedar claro que el abuso y el maltrato no puede tener cabida ni en este ni en ning\u00fan otro lugar nunca jam\u00e1s.<br \/>Twitter: @leticia_bonifaz<\/p>\n","protected":false},"excerpt":{"rendered":"<p>\u00a0\u2022\u00a0\u00a0 \u00a0Debe quedar claro que el abuso y el maltrato infantil no puede tener cabida ni en este ni en ning\u00fan otro lugar jam\u00e1s\u2028<\/p>\n","protected":false},"author":93,"featured_media":0,"comment_status":"open","ping_status":"open","sticky":false,"template":"","format":"standard","meta":{"footnotes":""},"categories":[42],"tags":[],"class_list":["post-44271","post","type-post","status-publish","format-standard","hentry","category-nuestrapalabra"],"_links":{"self":[{"href":"https:\/\/plazajuarez.mx\/historico\/wp-json\/wp\/v2\/posts\/44271","targetHints":{"allow":["GET"]}}],"collection":[{"href":"https:\/\/plazajuarez.mx\/historico\/wp-json\/wp\/v2\/posts"}],"about":[{"href":"https:\/\/plazajuarez.mx\/historico\/wp-json\/wp\/v2\/types\/post"}],"author":[{"embeddable":true,"href":"https:\/\/plazajuarez.mx\/historico\/wp-json\/wp\/v2\/users\/93"}],"replies":[{"embeddable":true,"href":"https:\/\/plazajuarez.mx\/historico\/wp-json\/wp\/v2\/comments?post=44271"}],"version-history":[{"count":0,"href":"https:\/\/plazajuarez.mx\/historico\/wp-json\/wp\/v2\/posts\/44271\/revisions"}],"wp:attachment":[{"href":"https:\/\/plazajuarez.mx\/historico\/wp-json\/wp\/v2\/media?parent=44271"}],"wp:term":[{"taxonomy":"category","embeddable":true,"href":"https:\/\/plazajuarez.mx\/historico\/wp-json\/wp\/v2\/categories?post=44271"},{"taxonomy":"post_tag","embeddable":true,"href":"https:\/\/plazajuarez.mx\/historico\/wp-json\/wp\/v2\/tags?post=44271"}],"curies":[{"name":"wp","href":"https:\/\/api.w.org\/{rel}","templated":true}]}}