{"id":4427,"date":"2015-04-29T05:00:00","date_gmt":"2015-04-29T05:00:00","guid":{"rendered":"http:\/\/plazajuarez.mx\/index\/index.php\/2015\/04\/29\/ejecutivos-en-finanzas-instan-a-hacienda-a-aplicar-ejercicio-presupuestal-con-base-cero-hasta-2017\/"},"modified":"2015-04-29T05:00:00","modified_gmt":"2015-04-29T05:00:00","slug":"ejecutivos-en-finanzas-instan-a-hacienda-a-aplicar-ejercicio-presupuestal-con-base-cero-hasta-2017","status":"publish","type":"post","link":"https:\/\/plazajuarez.mx\/historico\/ejecutivos-en-finanzas-instan-a-hacienda-a-aplicar-ejercicio-presupuestal-con-base-cero-hasta-2017\/","title":{"rendered":"Ejecutivos en Finanzas instan a Hacienda a aplicar ejercicio presupuestal con &#8216;Base Cero&#8217; hasta 2017"},"content":{"rendered":"<p>M\u00e9xico, D.F.- El Instituto Mexicano de Ejecutivos de Finanzas (Imef) inst\u00f3 a la secretar\u00eda de Hacienda a aplicar un ejercicio presupuestal con \u201cbase cero\u201d a partir de 2017, pues un dise\u00f1o de este tipo es \u201ccomplejo\u201d y \u201cpodr\u00eda no tenerse suficiente tiempo para armar un presupuesto racional y sensato\u201d en el pr\u00f3ximo a\u00f1o.<\/p>\n<p>  <!--more-->  <\/p>\n<p>\u00a0<\/p>\n<p>Consider\u00f3 relevante a los pre-criterios del gobierno federal para llevar a cabo el ejercicio de presupuestaci\u00f3n para 2016 sobre una Base Cero, pues la intenci\u00f3n es gastar menos, pero mejor. Sin embargo, estim\u00f3 que la elaboraci\u00f3n del presupuesto debe ser cuidadosa y por ello propuso a la secretar\u00eda de Hacienda aplicarlo a partir de 2017, con la finalidad de tener un presupuesto \u201cracional y sensato\u201d.<\/p>\n<p>Dentro de lo complicado de dise\u00f1ar un presupuesto base cero, el Imef estableci\u00f3 diversas consideraciones. Entre ellas que se requerir\u00eda de ajustes \u201cimportantes\u201d al marco jur\u00eddico como la Ley Org\u00e1nica de la Administraci\u00f3n P\u00fablica Federal, adecuar el Plan Nacional de Desarrollo y todos los programas sectoriales, regionales, etc\u00e9tera, contemplados en la Ley de Planeaci\u00f3n a la nueva restricci\u00f3n de ingresos.\u00a0 (Agencias)<\/p>\n","protected":false},"excerpt":{"rendered":"<p>M\u00e9xico, D.F.- El Instituto Mexicano de Ejecutivos de Finanzas (Imef) inst\u00f3 a la secretar\u00eda de Hacienda a aplicar un ejercicio presupuestal con \u201cbase cero\u201d a partir de 2017, pues un dise\u00f1o de este tipo es \u201ccomplejo\u201d y \u201cpodr\u00eda no tenerse suficiente tiempo para armar un presupuesto racional y sensato\u201d en el pr\u00f3ximo a\u00f1o.<\/p>\n","protected":false},"author":93,"featured_media":0,"comment_status":"open","ping_status":"open","sticky":false,"template":"","format":"standard","meta":{"footnotes":""},"categories":[36],"tags":[],"class_list":["post-4427","post","type-post","status-publish","format-standard","hentry","category-nacion"],"_links":{"self":[{"href":"https:\/\/plazajuarez.mx\/historico\/wp-json\/wp\/v2\/posts\/4427","targetHints":{"allow":["GET"]}}],"collection":[{"href":"https:\/\/plazajuarez.mx\/historico\/wp-json\/wp\/v2\/posts"}],"about":[{"href":"https:\/\/plazajuarez.mx\/historico\/wp-json\/wp\/v2\/types\/post"}],"author":[{"embeddable":true,"href":"https:\/\/plazajuarez.mx\/historico\/wp-json\/wp\/v2\/users\/93"}],"replies":[{"embeddable":true,"href":"https:\/\/plazajuarez.mx\/historico\/wp-json\/wp\/v2\/comments?post=4427"}],"version-history":[{"count":0,"href":"https:\/\/plazajuarez.mx\/historico\/wp-json\/wp\/v2\/posts\/4427\/revisions"}],"wp:attachment":[{"href":"https:\/\/plazajuarez.mx\/historico\/wp-json\/wp\/v2\/media?parent=4427"}],"wp:term":[{"taxonomy":"category","embeddable":true,"href":"https:\/\/plazajuarez.mx\/historico\/wp-json\/wp\/v2\/categories?post=4427"},{"taxonomy":"post_tag","embeddable":true,"href":"https:\/\/plazajuarez.mx\/historico\/wp-json\/wp\/v2\/tags?post=4427"}],"curies":[{"name":"wp","href":"https:\/\/api.w.org\/{rel}","templated":true}]}}