{"id":44269,"date":"2017-07-09T13:42:43","date_gmt":"2017-07-09T13:42:43","guid":{"rendered":"http:\/\/plazajuarez.mx\/index\/index.php\/2017\/07\/09\/choque-entre-camioneta-particular-y-un-autobus-de-la-linea-baltazar\/"},"modified":"2017-07-09T13:42:43","modified_gmt":"2017-07-09T13:42:43","slug":"choque-entre-camioneta-particular-y-un-autobus-de-la-linea-baltazar","status":"publish","type":"post","link":"https:\/\/plazajuarez.mx\/historico\/choque-entre-camioneta-particular-y-un-autobus-de-la-linea-baltazar\/","title":{"rendered":"Choque entre camioneta particular y un autob\u00fas de la l\u00ednea Baltazar"},"content":{"rendered":"<p>Tizayuca <br \/>\u00a0 \u2022\u00a0\u00a0 \u00a0S\u00f3lo p\u00e9rdidas materiales \u2028<\/p>\n<p>  <!--more-->  <\/p>\n<p>Un autob\u00fas de la l\u00ednea Baltazar y una camioneta particular chocaron aparatosamente, el saldo, por fortuna, s\u00f3lo fue de p\u00e9rdidas materiales. <br \/>El accidente se present\u00f3 cuando circulaban sobre la carretera M\u00e9xico-Pachuca, a la altura de la colonia Emiliano Zapata, en Tizayuca a las 20:00 horas del pasado viernes. <br \/>La camioneta se impact\u00f3 en el costado izquierdo del cami\u00f3n del Servicio P\u00fablico Federal cuando intentaba dar la vuelta en el retorno.<br \/>Los veh\u00edculos involucrados fueron el autob\u00fas de la l\u00ednea Baltazar placas 237HX7 y una camioneta Chevrolet, tipo Silverado 3500, con placas de circulaci\u00f3n HH74927, color blanca.<br \/>Los conductores del cami\u00f3n, C\u00e9sar Santill\u00e1n, de 31 a\u00f1os, y de la camioneta, \u00a0Juan Jos\u00e9 Ram\u00edrez Hern\u00e1ndez, de 32 a\u00f1os, fueron quienes elaboraron un convenio entre particulares para pagar por los da\u00f1os.<br \/>Finalmente, cabe se\u00f1alar que en el lugar fueron atendidos por personal de los servicios de emergencia, pero afortunadamente ninguno de los dos conductores requiri\u00f3 ser trasladado a alguna cl\u00ednica para su atenci\u00f3n, ya que no presentaban heridas. <\/p>\n","protected":false},"excerpt":{"rendered":"<p>Tizayuca \u00a0 \u2022\u00a0\u00a0 \u00a0S\u00f3lo p\u00e9rdidas materiales \u2028<\/p>\n","protected":false},"author":93,"featured_media":0,"comment_status":"open","ping_status":"open","sticky":false,"template":"","format":"standard","meta":{"footnotes":""},"categories":[40],"tags":[],"class_list":["post-44269","post","type-post","status-publish","format-standard","hentry","category-region"],"_links":{"self":[{"href":"https:\/\/plazajuarez.mx\/historico\/wp-json\/wp\/v2\/posts\/44269","targetHints":{"allow":["GET"]}}],"collection":[{"href":"https:\/\/plazajuarez.mx\/historico\/wp-json\/wp\/v2\/posts"}],"about":[{"href":"https:\/\/plazajuarez.mx\/historico\/wp-json\/wp\/v2\/types\/post"}],"author":[{"embeddable":true,"href":"https:\/\/plazajuarez.mx\/historico\/wp-json\/wp\/v2\/users\/93"}],"replies":[{"embeddable":true,"href":"https:\/\/plazajuarez.mx\/historico\/wp-json\/wp\/v2\/comments?post=44269"}],"version-history":[{"count":0,"href":"https:\/\/plazajuarez.mx\/historico\/wp-json\/wp\/v2\/posts\/44269\/revisions"}],"wp:attachment":[{"href":"https:\/\/plazajuarez.mx\/historico\/wp-json\/wp\/v2\/media?parent=44269"}],"wp:term":[{"taxonomy":"category","embeddable":true,"href":"https:\/\/plazajuarez.mx\/historico\/wp-json\/wp\/v2\/categories?post=44269"},{"taxonomy":"post_tag","embeddable":true,"href":"https:\/\/plazajuarez.mx\/historico\/wp-json\/wp\/v2\/tags?post=44269"}],"curies":[{"name":"wp","href":"https:\/\/api.w.org\/{rel}","templated":true}]}}