{"id":4425,"date":"2015-04-29T05:00:00","date_gmt":"2015-04-29T05:00:00","guid":{"rendered":"http:\/\/plazajuarez.mx\/index\/index.php\/2015\/04\/29\/fama-de-alondra-tendra-consecuencias-advierte-campa\/"},"modified":"2015-04-29T05:00:00","modified_gmt":"2015-04-29T05:00:00","slug":"fama-de-alondra-tendra-consecuencias-advierte-campa","status":"publish","type":"post","link":"https:\/\/plazajuarez.mx\/historico\/fama-de-alondra-tendra-consecuencias-advierte-campa\/","title":{"rendered":"Fama de Alondra tendr\u00e1  consecuencias, advierte Campa"},"content":{"rendered":"<p>M\u00e9xico, D.F.- El subsecretario de Derechos Humanos de la Secretar\u00eda de Gobernaci\u00f3n, Roberto Campa Cifri\u00e1n, asegur\u00f3 que la atenci\u00f3n y la fama ef\u00edmera a la que ha sido expuesta la joven de 14 a\u00f1os Alondra Luna N\u00fa\u00f1ez -la ni\u00f1a guanajuatense sustra\u00edda por la Interpol de su escuela y trasladada a EU tras la denuncia de una mujer que dec\u00eda ser su madre- tendr\u00e1 consecuencias.<\/p>\n<p>  <!--more-->  <\/p>\n<p>\u00a0<\/p>\n<p>En entrevista luego de participar en una reuni\u00f3n privada con los integrantes de la Comisi\u00f3n de Derechos Humanos de la C\u00e1mara de Diputados, Campa reiter\u00f3 que el Estado est\u00e1 brindando apoyo tanto psicol\u00f3gico y jur\u00eddico a la familia de Alondra para llegar a las \u00faltimas consecuencias.<\/p>\n<p>&#8220;El domingo estuve en Guanajuato en la casa de esta ni\u00f1a, de Alondra, me parece que el tema del apoyo psicol\u00f3gico es fundamental. Hay toda una serie de circunstancias que tienen que ver con este hecho, algunas previas, y seguramente algunas posteriores, porque tambi\u00e9n esta atenci\u00f3n y esta fama ef\u00edmera tiene, seguramente, consecuencias. Estamos trabajando muy duro en la parte del apoyo psicol\u00f3gico&#8221;, coment\u00f3 el funcionario federal.<\/p>\n<p>El s\u00e1bado EL UNIVERSAL public\u00f3 que el PAN utilizaba a Alondra para su campa\u00f1a e incluso la ex candidata presidencial, Josefina V\u00e1zquez Mota, se ofreci\u00f3 a escribir un libro sobre Alondra Luna N\u00fa\u00f1ez, adem\u00e1s, comprometi\u00f3 a los candidatos panistas a financiar la fiesta de XV a\u00f1os de la menor. Durante un acto de apoyo a las campa\u00f1as de los candidatos del blanquiazul, V\u00e1zquez Mota destac\u00f3 que debe fortalecerse la vida institucional para evitar que en el pa\u00eds exista impunidad y de tener certeza en el cumplimiento de la Ley. (Agencias)<\/p>\n","protected":false},"excerpt":{"rendered":"<p>M\u00e9xico, D.F.- El subsecretario de Derechos Humanos de la Secretar\u00eda de Gobernaci\u00f3n, Roberto Campa Cifri\u00e1n, asegur\u00f3 que la atenci\u00f3n y la fama ef\u00edmera a la que ha sido expuesta la joven de 14 a\u00f1os Alondra Luna N\u00fa\u00f1ez -la ni\u00f1a guanajuatense sustra\u00edda por la Interpol de su escuela y trasladada a EU tras la denuncia de [&hellip;]<\/p>\n","protected":false},"author":93,"featured_media":0,"comment_status":"open","ping_status":"open","sticky":false,"template":"","format":"standard","meta":{"footnotes":""},"categories":[36],"tags":[],"class_list":["post-4425","post","type-post","status-publish","format-standard","hentry","category-nacion"],"_links":{"self":[{"href":"https:\/\/plazajuarez.mx\/historico\/wp-json\/wp\/v2\/posts\/4425","targetHints":{"allow":["GET"]}}],"collection":[{"href":"https:\/\/plazajuarez.mx\/historico\/wp-json\/wp\/v2\/posts"}],"about":[{"href":"https:\/\/plazajuarez.mx\/historico\/wp-json\/wp\/v2\/types\/post"}],"author":[{"embeddable":true,"href":"https:\/\/plazajuarez.mx\/historico\/wp-json\/wp\/v2\/users\/93"}],"replies":[{"embeddable":true,"href":"https:\/\/plazajuarez.mx\/historico\/wp-json\/wp\/v2\/comments?post=4425"}],"version-history":[{"count":0,"href":"https:\/\/plazajuarez.mx\/historico\/wp-json\/wp\/v2\/posts\/4425\/revisions"}],"wp:attachment":[{"href":"https:\/\/plazajuarez.mx\/historico\/wp-json\/wp\/v2\/media?parent=4425"}],"wp:term":[{"taxonomy":"category","embeddable":true,"href":"https:\/\/plazajuarez.mx\/historico\/wp-json\/wp\/v2\/categories?post=4425"},{"taxonomy":"post_tag","embeddable":true,"href":"https:\/\/plazajuarez.mx\/historico\/wp-json\/wp\/v2\/tags?post=4425"}],"curies":[{"name":"wp","href":"https:\/\/api.w.org\/{rel}","templated":true}]}}