{"id":4422,"date":"2015-04-29T05:00:00","date_gmt":"2015-04-29T05:00:00","guid":{"rendered":"http:\/\/plazajuarez.mx\/index\/index.php\/2015\/04\/29\/aparatoso-choque-en-el-bonfil\/"},"modified":"2015-04-29T05:00:00","modified_gmt":"2015-04-29T05:00:00","slug":"aparatoso-choque-en-el-bonfil","status":"publish","type":"post","link":"https:\/\/plazajuarez.mx\/historico\/aparatoso-choque-en-el-bonfil\/","title":{"rendered":"Aparatoso choque en el Bonfil"},"content":{"rendered":"<p>MUJER AL VOLANTE Y ACOMPA\u00d1ANTE, LESIONADAS LEVES<\/p>\n<p>  <!--more-->  <\/p>\n<p>\u00a0<\/p>\n<p>Saldo de dos mujeres que resultaron con golpes contusos que no ameritaron\u00a0 su hospitalizaci\u00f3n, dej\u00f3 un aparatoso choque que se registr\u00f3 la noche del lunes anterior en el bulevar Ram\u00f3n G Bonfil, del cual tomaron conocimiento elementos de la Secretar\u00eda de Seguridad P\u00fablica, Tr\u00e1nsito y Vialidad Municipal de Pachuca.<\/p>\n<p>De acuerdo a la informaci\u00f3n que se dio en el lugar de los hechos, se supo que las dos j\u00f3venes tripulantes del auto responsable del percance desped\u00edan aliento caracter\u00edstico a bebidas et\u00edlicas, ello aunado a que transitaban con exceso de velocidad, fueron los factores que provocaron el percance, que por fortuna s\u00f3lo dej\u00f3 p\u00e9rdidas materiales.<\/p>\n<p>Fue poco despu\u00e9s de las 23:00 horas, cuando se registr\u00f3 la contingencia que provoc\u00f3 la inmediata movilizaci\u00f3n de polic\u00edas municipales que se hicieron cargo de las diligencias del choque en el que se vieron involucrados un autom\u00f3vil compacto marca Volkswagen, tipo Jetta, color gris, que portaba placas de circulaci\u00f3n con matr\u00edcula 430-XCW del Estado de M\u00e9xico y un Volkswagen, tipo Sed\u00e1n, color beige con l\u00e1minas para transitar HNP-4830 del Estado de M\u00e9xico.<\/p>\n<p>El Jetta llevaba al volante a quien se identific\u00f3 como Concepci\u00f3n Velazco D\u00edaz, misma que iba acompa\u00f1ada de otra joven que dijo responder al nombre de Gabriela Guzm\u00e1n Vergara de 20 a\u00f1os de edad.<\/p>\n<p>Sobre el percance se inform\u00f3 que el auto Jetta circulaba con exceso de velocidad e impact\u00f3 por alcance al Volkswagen sed\u00e1n pero posteriormente la conductora imprimi\u00f3 mayor velocidad, solo que perdi\u00f3 el control del veh\u00edculo, que termin\u00f3 por invadir el camell\u00f3n central y aunque se reincorpor\u00f3 a la cinta asf\u00e1ltica, par\u00f3 su loca carrera metros adelante, ya que se le ponch\u00f3 el neum\u00e1tico, mismo que pr\u00e1cticamente se desprendi\u00f3 con todo y rin.<\/p>\n<p>En el lugar las damas recibieron el apoyo de socorristas de la Cruz Roja y param\u00e9dicos de Protecci\u00f3n Civil, ya que salieron con golpes contusos que no ameritaron su hospitalizaci\u00f3n, sin embargo en el interior de la unidad elementos polic\u00edacos descubrieron unas botellas de cerveza, por lo que los veh\u00edculos involucrados fueron remitidos al corral\u00f3n de la corporaci\u00f3n municipal, donde quedaron a disposici\u00f3n de la agencia del Ministerio P\u00fablico para las diligencias legales que corresponden.<\/p>\n","protected":false},"excerpt":{"rendered":"<p>MUJER AL VOLANTE Y ACOMPA\u00d1ANTE, LESIONADAS LEVES<\/p>\n","protected":false},"author":93,"featured_media":0,"comment_status":"open","ping_status":"open","sticky":false,"template":"","format":"standard","meta":{"footnotes":""},"categories":[37],"tags":[],"class_list":["post-4422","post","type-post","status-publish","format-standard","hentry","category-barandilla"],"_links":{"self":[{"href":"https:\/\/plazajuarez.mx\/historico\/wp-json\/wp\/v2\/posts\/4422","targetHints":{"allow":["GET"]}}],"collection":[{"href":"https:\/\/plazajuarez.mx\/historico\/wp-json\/wp\/v2\/posts"}],"about":[{"href":"https:\/\/plazajuarez.mx\/historico\/wp-json\/wp\/v2\/types\/post"}],"author":[{"embeddable":true,"href":"https:\/\/plazajuarez.mx\/historico\/wp-json\/wp\/v2\/users\/93"}],"replies":[{"embeddable":true,"href":"https:\/\/plazajuarez.mx\/historico\/wp-json\/wp\/v2\/comments?post=4422"}],"version-history":[{"count":0,"href":"https:\/\/plazajuarez.mx\/historico\/wp-json\/wp\/v2\/posts\/4422\/revisions"}],"wp:attachment":[{"href":"https:\/\/plazajuarez.mx\/historico\/wp-json\/wp\/v2\/media?parent=4422"}],"wp:term":[{"taxonomy":"category","embeddable":true,"href":"https:\/\/plazajuarez.mx\/historico\/wp-json\/wp\/v2\/categories?post=4422"},{"taxonomy":"post_tag","embeddable":true,"href":"https:\/\/plazajuarez.mx\/historico\/wp-json\/wp\/v2\/tags?post=4422"}],"curies":[{"name":"wp","href":"https:\/\/api.w.org\/{rel}","templated":true}]}}