{"id":4418,"date":"2015-04-29T05:00:00","date_gmt":"2015-04-29T05:00:00","guid":{"rendered":"http:\/\/plazajuarez.mx\/index\/index.php\/2015\/04\/29\/futbol-nacional-71\/"},"modified":"2015-04-29T05:00:00","modified_gmt":"2015-04-29T05:00:00","slug":"futbol-nacional-71","status":"publish","type":"post","link":"https:\/\/plazajuarez.mx\/historico\/futbol-nacional-71\/","title":{"rendered":"Futbol Nacional"},"content":{"rendered":"<p>GRAN FINAL DE LA CONCACHAMPIONS<\/p>\n<p><strong>Am\u00e9rica en busca del boleto para el Mundial de Clubes<\/strong><\/p>\n<p>\u00a0<\/p>\n<p>  <!--more-->  <\/p>\n<p>\u00a0<\/p>\n<p>Las \u00c1guilas del Am\u00e9rica buscan traer la &#8220;Concachampions&#8221; y un boleto al Mundial de Clubes 2015, pero antes tendr\u00e1n de vencer hoy al Impact de Montreal en el partido de vuelta de la final de Copa de Campeones de la Concacaf.<\/p>\n<p>\u00a0<\/p>\n<p>\u00a0<\/p>\n<p>Cabe recordar que en el duelo de ida los canadienses sacaron en empate a un tanto en el estadio Azteca.<\/p>\n<p>\u00a0<\/p>\n<p>El partido se jugar\u00e1 hoy en punto de las 20:00 horas (tiempo del centro de M\u00e9xico) en la cancha del estadio Ol\u00edmpico de Montreal, Canad\u00e1.<\/p>\n<p>Am\u00e9rica viene de empatar a un gol en el &#8220;Cl\u00e1sico de Cl\u00e1sicos&#8221; frente a las Chivas de Guadalajara, dentro del Torneo Clausura 2015.<\/p>\n<p>\u00a0<\/p>\n<p>Por su parte el Impact de Montreal no tuvo actividad en pasado fin de semana dentro de la Liga de los Estados Unidos.<\/p>\n<p>***<\/p>\n<p>\u00a0<\/p>\n<p><strong>Las \u00c1guilas\u00a0 jugar\u00e1n ante el Manchester United y el Porto<\/strong><\/p>\n<p>\u00a0<\/p>\n<p>Am\u00e9rica se enfrentar\u00e1 en pretemporada de verano a dos equipos de la MLS y a otras dos escuadras del continente europeo durante su participaci\u00f3n en la International Champions Cup 2015.<\/p>\n<p>\u00a0<\/p>\n<p>La instituci\u00f3n mexicana abre el calendario de juegos del certamen el pr\u00f3ximo 11 de julio ante el LA Galaxy, en el Stubhub Center de Carson, California. Tres d\u00edas despu\u00e9s jugar\u00e1 ante el San Jos\u00e9 Earthquakes.<\/p>\n<p>\u00a0<\/p>\n<p>El 17 de julio el conjunto de Copa tendr\u00e1 su tercer compromiso y se enfrentar\u00e1 al cuadro del Manchester United en el Century Field, Seattle.<\/p>\n<p>\u00a0<\/p>\n<p>El club mexicano cierra su participaci\u00f3n ante el Porto, escuadra donde militan los mexicanos Diego Reyes y H\u00e9ctor Herrera, el 28 de julio en el estadio Azteca.<\/p>\n<p>\u00a0<\/p>\n<p>En su tercera edici\u00f3n del torneo tambi\u00e9n participar\u00e1n el PSG, Chelsea, Barcelona, Red Bull de New York y la Fiorentina. El torneo se jugar\u00e1 del 11 de julio al 5 de agosto.<\/p>\n<p>Cada escuadra jugar\u00e1 cuatro partidos y el club con la mayor cantidad de puntos ser\u00e1 nombrado el campe\u00f3n del torneo.<\/p>\n<p>**<\/p>\n<p>\u00a0<\/p>\n<p><strong>&#8216;Chepo&#8217;<\/strong> <strong>no se compromete con liderato <\/strong><\/p>\n<p>\u00a0<\/p>\n<p>El t\u00e9cnico de Chivas, Jos\u00e9 Manuel de la Torre, no utiliz\u00f3 adjetivos para ponderar lo que el equipo es ahora, que por ser l\u00edder de la Tabla General se convierte en el mejor del f\u00fatbol mexicano.<\/p>\n<p>\u00a0<\/p>\n<p>\u00a0<\/p>\n<p>&#8220;Chepo&#8221; fue cuidadoso con ese nombramiento, pero los n\u00fameros as\u00ed lo dicen. Hoy, Guadalajara, que se presentaba en este torneo con el serio problema por no descender, las cosas cambiaron.<\/p>\n<p>\u00a0<\/p>\n<p>&#8220;Es cuesti\u00f3n de gustos. Los n\u00fameros son fr\u00edos y lo dicen (que son los mejores), yo no tengo por qu\u00e9 ponerle calificativos. Y si sonr\u00ede la tabla, no es que sonr\u00eda la tabla, es que t\u00fa la hiciste sonre\u00edr o nosotros la hicimos llorar. Yo no tengo por qu\u00e9 ponerle calificativo&#8221;.<\/p>\n<p>\u00a0<\/p>\n<p>Despu\u00e9s de haber logrado la primera meta, que era mantenerse en Primera Divisi\u00f3n, el t\u00e9cnico rojiblanco sabe que ya lleg\u00f3 el momento de pensar en otros objetivos.<\/p>\n<p>\u00a0<\/p>\n<p>&#8220;El objetivo primario se logra parcialmente en este torneo, sabemos que en los pr\u00f3ximos tendremos igual, ese problema porcentual y seguiremos trabajando, pero una vez librado este torneo, tenemos que pensar en otras cosas y eso es la calificaci\u00f3n, una vez lograda, aspirar a los siguientes objetivos, como has mencionado, los que califican generalmente son serios aspirantes, no puedes descartar a ninguno&#8221;.<\/p>\n<p>\u00a0<\/p>\n<p>La clasificaci\u00f3n a la Liguilla depende de Guadalajara, sin embargo el &#8220;Chepo&#8221; todav\u00eda no canta victoria.<\/p>\n<p>\u00a0<\/p>\n<p>&#8220;Hay que ver los partidos, tenemos que esperar a calificar, mientras no lo tengamos no podemos hablar de calificaci\u00f3n, primero hay que lograrlo y despu\u00e9s hablar, del plato a la boca se cae la sopa, hay que ser claros y directos, como son las cosas&#8221;.<\/p>\n","protected":false},"excerpt":{"rendered":"<p>GRAN FINAL DE LA CONCACHAMPIONS Am\u00e9rica en busca del boleto para el Mundial de Clubes \u00a0<\/p>\n","protected":false},"author":93,"featured_media":0,"comment_status":"open","ping_status":"open","sticky":false,"template":"","format":"standard","meta":{"footnotes":""},"categories":[39],"tags":[],"class_list":["post-4418","post","type-post","status-publish","format-standard","hentry","category-deportiva"],"_links":{"self":[{"href":"https:\/\/plazajuarez.mx\/historico\/wp-json\/wp\/v2\/posts\/4418","targetHints":{"allow":["GET"]}}],"collection":[{"href":"https:\/\/plazajuarez.mx\/historico\/wp-json\/wp\/v2\/posts"}],"about":[{"href":"https:\/\/plazajuarez.mx\/historico\/wp-json\/wp\/v2\/types\/post"}],"author":[{"embeddable":true,"href":"https:\/\/plazajuarez.mx\/historico\/wp-json\/wp\/v2\/users\/93"}],"replies":[{"embeddable":true,"href":"https:\/\/plazajuarez.mx\/historico\/wp-json\/wp\/v2\/comments?post=4418"}],"version-history":[{"count":0,"href":"https:\/\/plazajuarez.mx\/historico\/wp-json\/wp\/v2\/posts\/4418\/revisions"}],"wp:attachment":[{"href":"https:\/\/plazajuarez.mx\/historico\/wp-json\/wp\/v2\/media?parent=4418"}],"wp:term":[{"taxonomy":"category","embeddable":true,"href":"https:\/\/plazajuarez.mx\/historico\/wp-json\/wp\/v2\/categories?post=4418"},{"taxonomy":"post_tag","embeddable":true,"href":"https:\/\/plazajuarez.mx\/historico\/wp-json\/wp\/v2\/tags?post=4418"}],"curies":[{"name":"wp","href":"https:\/\/api.w.org\/{rel}","templated":true}]}}