{"id":4417,"date":"2015-04-29T05:00:00","date_gmt":"2015-04-29T05:00:00","guid":{"rendered":"http:\/\/plazajuarez.mx\/index\/index.php\/2015\/04\/29\/futbol-internacional-57\/"},"modified":"2015-04-29T05:00:00","modified_gmt":"2015-04-29T05:00:00","slug":"futbol-internacional-57","status":"publish","type":"post","link":"https:\/\/plazajuarez.mx\/historico\/futbol-internacional-57\/","title":{"rendered":"Futbol Internacional"},"content":{"rendered":"<p><strong>El Madrid estar\u00eda planeando opci\u00f3n de compra de Hern\u00e1ndez<\/strong><\/p>\n<p>A principio de temporada el Real Madrid busc\u00f3 un delantero de recambio que adem\u00e1s fuera un revulsivo al momento de ingresar al rect\u00e1ngulo verde. Javier Hern\u00e1ndez lleg\u00f3 a cumplir con las expectativas que los dirigentes del Madrid buscaron durante el pasado mercado de verano.<\/p>\n<p>  <!--more-->  <\/p>\n<p>\u00a0<\/p>\n<p>El mexicano fue criticado por su llegada al equipo campe\u00f3n de Europa. Durante el 2014 pas\u00f3 una mala temporada con el Manchester United, y no entraba en los planes de Louis Van Gaal para la actual campa\u00f1a.<\/p>\n<p>Sin embargo, d\u00edas despu\u00e9s de su debut con el Real Madrid logr\u00f3 un doblete. Pasaron las jornadas y el ex de Chivas empez\u00f3 a tener menos actividad, vio diversos partidos desde el banquillo o desde las mismas gradas al quedarse fuera de las convocatorias por decisi\u00f3n de Ancelotti y no por baja de juego.<\/p>\n<p>No obstante, su gol ante el Atl\u00e9tico de Madrid para otorgarle el pase a los merengues a las semifinales de la Champions League y su destacada participaci\u00f3n ante el Celta de Vigo el pasado fin de semana, donde logr\u00f3 dos goles, han realizado que los altos mandos del Real Madrid se planteen la opci\u00f3n de compra definitiva del mexicano.<\/p>\n<p>Seg\u00fan reporta el diario \u201cMarca\u201d, el Real Madrid pedir\u00e1 al Manchester United una prolongaci\u00f3n de tiempo para evaluar la continuidad de Hern\u00e1ndez Balc\u00e1zar, adem\u00e1s negociar\u00e1n una baja de precio por el delantero.<\/p>\n<p>Los \u201cRed Devils\u201d estipularon que la venta del ariete mexicano para el Madrid es de 20 millones de euros al final de temporada, si el cuadro espa\u00f1ol hace v\u00e1lida la opci\u00f3n de compra.<\/p>\n<p>El contrato de cesi\u00f3n tiene como fecha l\u00edmite el d\u00eda 30 de abril para que los merengues decidan sobre la compra del &#8220;Chicharito&#8221;, pero el Madrid negocia mayor tiempo para analizar su resoluci\u00f3n.<\/p>\n<p>Carlo Ancelotti, t\u00e9cnico del Real Madrid, asegur\u00f3, este martes durante la conferencia de prensa, que al final de la campa\u00f1a habr\u00e1 una decisi\u00f3n sobre la continuidad de &#8220;Chicharito&#8221;.<\/p>\n<p>&#8220;Vamos a evaluar al final de temporada, me ha gustado su profesionalidad y ha aprovechado su momento&#8221; puntualiz\u00f3.<\/p>\n<p><strong>\u00a0<\/strong><\/p>\n<p><strong>**<\/strong><\/p>\n<p><strong>Ancelotti acepta que a veces se equivoca en el 11 titular<\/strong><\/p>\n<p>\u00a0<\/p>\n<p>El entrenador del Real Madrid, Carlo Ancelotti, asegur\u00f3 que hay partidos en donde se ha equivocado al escoger a sus futbolistas titulares, sin embargo reconoce que durante el juego no puede pensar en eso.<\/p>\n<p>&#8220;Cu\u00e1ntas veces me equivoco, pero cuando tengo que hacer un 11 a veces te equivocas, pero al final no puedes pensar en eso, tenemos que evaluar el momento del jugador&#8221;, respondi\u00f3 el italiano tras ser cuestionado por la aparici\u00f3n tard\u00eda de Javier &#8220;Chicharito&#8221; Hern\u00e1ndez con el cuadro titular.<\/p>\n<p>El t\u00e9cnico merengue dijo que Hern\u00e1ndez Balc\u00e1zar &#8220;ha ayudado al equipo y espero que siga as\u00ed&#8221;. El delantero azteca el pasado fin de semana anot\u00f3 un doblete y lleg\u00f3 a seis goles en la Liga de Espa\u00f1a.<\/p>\n<p>Real Madrid se sit\u00faa en el segundo lugar de la tabla con 79 unidades tras 33 cotejos disputados, s\u00f3lo est\u00e1 dos puntos debajo del Barcelona, escuadra l\u00edder del campeonato espa\u00f1ol.<\/p>\n<p>**<\/p>\n<p>\u00a0<\/p>\n<p>\u00a0<\/p>\n<p>\u00a0<\/p>\n<p>LIGA ESPA\u00d1OLA<\/p>\n<p><strong>Barcelona es aplastante y se acerca al t\u00edtulo<\/strong><\/p>\n<p>\u00a0<\/p>\n<p>Noche grande otra vez de los delanteros del Barcelona, en un partido en el que el equipo de Luis Enrique acab\u00f3 atropellando a un Getafe que se vio superado en todos los registros y acab\u00f3 ayer con una goleada (6\u20110) por culpa de una aciaga primera parte.<\/p>\n<p>\u00a0<\/p>\n<p>El naufragio del Getafe tuvo mucho que ver con el estado de forma de Messi, autor de dos tantos, Neymar (1) y Su\u00e1rez (2), goleadores de la noche, que volvieron a enfatizar su idilio con el gol, ya en un primer tiempo que acab\u00f3 5\u20110, fiesta a la que tambi\u00e9n se sum\u00f3 Xavi.<\/p>\n<p>\u00a0<\/p>\n<p>El Barcelona regal\u00f3 una primera parte al Camp Nou de lujo, en la que sac\u00f3 a relucir sus virtudes en ataque y se encontr\u00f3 con su tr\u00edo realizador al m\u00e1ximo nivel de inspiraci\u00f3n.<\/p>\n<p>\u00a0<\/p>\n<p>Mientras que el Bar\u00e7a tocaba y mov\u00eda, aunque no generaba casi nada, en un pase interior de Bartra, un pie de Arroyo pareci\u00f3 que golpe\u00f3 en Su\u00e1rez, que cay\u00f3 al suelo dentro del \u00e1rea.<\/p>\n<p>\u00a0<\/p>\n<p>Messi se encarg\u00f3 de lanzar el penalti y opt\u00f3 por una de sus diabluras, hacerlo al estilo &#8216;Panenka&#8217;, picando el bal\u00f3n para que \u00e9ste entrase muerto por el lado contrario por donde se hab\u00eda tirado Guaita (1\u20110).<\/p>\n<p>\u00a0<\/p>\n<p>El equipo madrile\u00f1o vivi\u00f3 una pesadilla con el rodillo azulgrana, que empez\u00f3 a llevarse por delante a su rival. En el minuto 25, Messi le meti\u00f3 un bal\u00f3n a media altura a Su\u00e1rez y el uruguayo a la media vuelta marc\u00f3 el segundo (2\u20110).<\/p>\n<p>\u00a0<\/p>\n<p>En el 28, despu\u00e9s de que un minuto antes Bravo parase en el suelo un bal\u00f3n disparado por Emi, un robo de Su\u00e1rez en la frontal del Getafe habilit\u00f3 a Neymar, que, tras driblar a un rival, bati\u00f3 con un tiro raso y ajustado a Guaita (3\u20110).<\/p>\n<p>\u00a0<\/p>\n<p>Dos minutos despu\u00e9s, tras una buena combinaci\u00f3n azulgrana, Xavi recibi\u00f3 en la frontal del \u00e1rea y lanz\u00f3 un preciso disparo al segundo palo que se col\u00f3 sin que Guaita pudiese hacer nada (4\u20110).<\/p>\n<p>\u00a0<\/p>\n<p>El festival azulgrana lo redonde\u00f3 otra vez Su\u00e1rez, a cinco minutos de concluir la primera parte, finalizando con un fuerte disparo tambi\u00e9n desde la frontal una bella acci\u00f3n de combinaci\u00f3n de sus compa\u00f1eros (5\u20110). La media docena pudo llegar en un pase de Adriano al que Messi no lleg\u00f3 por poco, antes de que el \u00e1rbitro enviase a los jugadores al vestuario.<\/p>\n<p>\u00a0<\/p>\n<p>La segunda parte se puso en marcha con un bal\u00f3n de Messi dentro del \u00e1rea que cruz\u00f3 para colocarlo lejos del alcance de Guaita, que ve\u00eda c\u00f3mo el sexto sub\u00eda al tanteador (6\u20110).<\/p>\n<p>***<\/p>\n<p>\u00a0<\/p>\n<p>\u00a0<\/p>\n<p>\u00a0<\/p>\n","protected":false},"excerpt":{"rendered":"<p>El Madrid estar\u00eda planeando opci\u00f3n de compra de Hern\u00e1ndez A principio de temporada el Real Madrid busc\u00f3 un delantero de recambio que adem\u00e1s fuera un revulsivo al momento de ingresar al rect\u00e1ngulo verde. Javier Hern\u00e1ndez lleg\u00f3 a cumplir con las expectativas que los dirigentes del Madrid buscaron durante el pasado mercado de verano.<\/p>\n","protected":false},"author":93,"featured_media":0,"comment_status":"open","ping_status":"open","sticky":false,"template":"","format":"standard","meta":{"footnotes":""},"categories":[39],"tags":[],"class_list":["post-4417","post","type-post","status-publish","format-standard","hentry","category-deportiva"],"_links":{"self":[{"href":"https:\/\/plazajuarez.mx\/historico\/wp-json\/wp\/v2\/posts\/4417","targetHints":{"allow":["GET"]}}],"collection":[{"href":"https:\/\/plazajuarez.mx\/historico\/wp-json\/wp\/v2\/posts"}],"about":[{"href":"https:\/\/plazajuarez.mx\/historico\/wp-json\/wp\/v2\/types\/post"}],"author":[{"embeddable":true,"href":"https:\/\/plazajuarez.mx\/historico\/wp-json\/wp\/v2\/users\/93"}],"replies":[{"embeddable":true,"href":"https:\/\/plazajuarez.mx\/historico\/wp-json\/wp\/v2\/comments?post=4417"}],"version-history":[{"count":0,"href":"https:\/\/plazajuarez.mx\/historico\/wp-json\/wp\/v2\/posts\/4417\/revisions"}],"wp:attachment":[{"href":"https:\/\/plazajuarez.mx\/historico\/wp-json\/wp\/v2\/media?parent=4417"}],"wp:term":[{"taxonomy":"category","embeddable":true,"href":"https:\/\/plazajuarez.mx\/historico\/wp-json\/wp\/v2\/categories?post=4417"},{"taxonomy":"post_tag","embeddable":true,"href":"https:\/\/plazajuarez.mx\/historico\/wp-json\/wp\/v2\/tags?post=4417"}],"curies":[{"name":"wp","href":"https:\/\/api.w.org\/{rel}","templated":true}]}}