{"id":4416,"date":"2015-04-29T05:00:00","date_gmt":"2015-04-29T05:00:00","guid":{"rendered":"http:\/\/plazajuarez.mx\/index\/index.php\/2015\/04\/29\/aficion-inspiracion-de-pachuca\/"},"modified":"2015-04-29T05:00:00","modified_gmt":"2015-04-29T05:00:00","slug":"aficion-inspiracion-de-pachuca","status":"publish","type":"post","link":"https:\/\/plazajuarez.mx\/historico\/aficion-inspiracion-de-pachuca\/","title":{"rendered":"Afici\u00f3n; inspiraci\u00f3n de\u00a0 Pachuca"},"content":{"rendered":"<p>TUZOS MOTIVADOS<\/p>\n<ul>\n<li>J\u00fcrgen Damm, reconoci\u00f3 que el buen momento del equipo, se lo deben en parte a la afici\u00f3n que ha respondido con las promociones que ha hecho la directiva hidalguense <!--more--> <\/li>\n<\/ul>\n<p>Luego de los recientes llenos que se han presenciado en el Estadio Hidalgo, debido a que la directiva de los Tuzos del Pachuca ha implementado distintas promociones como el 3&#215;1 del s\u00e1bado pasado, los jugadores de la escuadra minera agradecen el apoyo de la afici\u00f3n y los invitan a que sigan llenando el estadio para alcanzar la anhelada calificaci\u00f3n a la fiesta grande del futbol mexicano.<\/p>\n<p>\u00a0<\/p>\n<p>Asimismo, el joven atacante J\u00fcrgen Damm reconoci\u00f3 que el buen momento del equipo, se lo deben en parte a la afici\u00f3n que ha respondido con las promociones.\u201cSin duda esperamos que la gente nos siga apoyando; en casa debemos fortalecernos, ahora viene Santos y tenemos que buscar la victoria para poder mantenernos dentro de liguilla\u201d, dijo el elemento de los Tuzos.<\/p>\n<p>\u00a0<\/p>\n<p>Del mismo modo, el jugador de Pachuca, reconoci\u00f3 que hay un gran ambiente pero sobretodo tranquilidad, despu\u00e9s de vencer a la Franja del Puebla. \u201cEstamos contentos por la victoria, an\u00edmicamente nos encontramos de maravilla; hoy destaco la capacidad de reacci\u00f3n que tuvimos tras vernos abajo desde muy temprano; era fundamental sacar los 3 puntos para seguir buscando la liguilla: afortunadamente lo conseguimos y debemos seguir trabajando del mismo modo\u201d, indic\u00f3\u00a0 Damm<\/p>\n<p>\u00a0<\/p>\n<p>De igual manera a\u00f1adi\u00f3 entorno al partido anterior:\u201csab\u00edamos que era muy importante ganar para no depender de otros; ahora tenemos que seguir con la inercia positiva y no despegarnos de la zona de liguilla; hay que buscar avanzar sumando en los dos juegos que nos restan\u201d, concluy\u00f3 el elemento hidalguense.<\/p>\n<p>\u00a0<\/p>\n<p>Pachuca se juega gran parte de sus esperanzas a la liguilla el pr\u00f3ximo s\u00e1bado. En caso de no ganar, nuevamente se meter\u00edan en problemas.<\/p>\n","protected":false},"excerpt":{"rendered":"<p>TUZOS MOTIVADOS J\u00fcrgen Damm, reconoci\u00f3 que el buen momento del equipo, se lo deben en parte a la afici\u00f3n que ha respondido con las promociones que ha hecho la directiva hidalguense<\/p>\n","protected":false},"author":93,"featured_media":0,"comment_status":"open","ping_status":"open","sticky":false,"template":"","format":"standard","meta":{"footnotes":""},"categories":[39],"tags":[],"class_list":["post-4416","post","type-post","status-publish","format-standard","hentry","category-deportiva"],"_links":{"self":[{"href":"https:\/\/plazajuarez.mx\/historico\/wp-json\/wp\/v2\/posts\/4416","targetHints":{"allow":["GET"]}}],"collection":[{"href":"https:\/\/plazajuarez.mx\/historico\/wp-json\/wp\/v2\/posts"}],"about":[{"href":"https:\/\/plazajuarez.mx\/historico\/wp-json\/wp\/v2\/types\/post"}],"author":[{"embeddable":true,"href":"https:\/\/plazajuarez.mx\/historico\/wp-json\/wp\/v2\/users\/93"}],"replies":[{"embeddable":true,"href":"https:\/\/plazajuarez.mx\/historico\/wp-json\/wp\/v2\/comments?post=4416"}],"version-history":[{"count":0,"href":"https:\/\/plazajuarez.mx\/historico\/wp-json\/wp\/v2\/posts\/4416\/revisions"}],"wp:attachment":[{"href":"https:\/\/plazajuarez.mx\/historico\/wp-json\/wp\/v2\/media?parent=4416"}],"wp:term":[{"taxonomy":"category","embeddable":true,"href":"https:\/\/plazajuarez.mx\/historico\/wp-json\/wp\/v2\/categories?post=4416"},{"taxonomy":"post_tag","embeddable":true,"href":"https:\/\/plazajuarez.mx\/historico\/wp-json\/wp\/v2\/tags?post=4416"}],"curies":[{"name":"wp","href":"https:\/\/api.w.org\/{rel}","templated":true}]}}