{"id":44133,"date":"2017-07-06T14:12:44","date_gmt":"2017-07-06T14:12:44","guid":{"rendered":"http:\/\/plazajuarez.mx\/index\/index.php\/2017\/07\/06\/solicitan-impugnacion-de-congreso-seccional-del-snte\/"},"modified":"2017-07-06T14:12:44","modified_gmt":"2017-07-06T14:12:44","slug":"solicitan-impugnacion-de-congreso-seccional-del-snte","status":"publish","type":"post","link":"https:\/\/plazajuarez.mx\/historico\/solicitan-impugnacion-de-congreso-seccional-del-snte\/","title":{"rendered":"SOLICITAN IMPUGNACI\u00d3N DE CONGRESO SECCIONAL DEL SNTE"},"content":{"rendered":"<p>MOVIMIENTO DE BASES MAGISTERIALES \u00a0\u00a0 <br \/>\u00a0\u00a0 \u00a0\u2022\u00a0\u00a0 \u00a0Debido a las anomal\u00edas que se vivieron en el proceso, as\u00ed como la violaci\u00f3n a los estatutos establecidos para llevar a cabo dicha asamblea\u2028<\/p>\n<p>  <!--more-->  <\/p>\n<p>El Movimiento de Bases Magisteriales del estado de Hidalgo, indic\u00f3 que solicit\u00f3 ante el Tribunal Federal de Conciliaci\u00f3n y Arbitraje, la impugnaci\u00f3n del Vig\u00e9simo Segundo Congreso Seccional Extraordinario del Sindicato Nacional de Trabajadores de la Educaci\u00f3n (SNTE), \u00a0Secci\u00f3n XV, debido a las anomal\u00edas que se vivieron en el proceso, as\u00ed como la violaci\u00f3n a los estatutos establecidos para llevar a cabo dicha asamblea.<br \/>Por medio de Flora Cervantes Reyes, l\u00edder del Movimiento de Bases en Hidalgo, anunciaron que llevaron un documento al Tribunal de Conciliaci\u00f3n y Arbitraje, en donde exigen la impugnaci\u00f3n del Vig\u00e9simo Segundo Congreso.<br \/>A su vez, destac\u00f3 que conf\u00edan en las instituciones y esperan un fallo a su favor, \u201cse llev\u00f3 a cabo el Vig\u00e9simo Segundo Congreso Seccional en la Secci\u00f3n XV del SNTE, el 23 y 24 de Marzo de este a\u00f1o, en su momento, a trav\u00e9s de los medios denunciamos las anomal\u00edas que vimos, c\u00f3mo de manera c\u00ednica y desvergonzada se violentaban nuestros estatutos.<br \/>\u201cHoy nos reunimos por eso, a partir del 2005, el tiempo de dirigencia seccional del SNTE pas\u00f3 de tres a\u00f1os a cuatro a\u00f1os de gesti\u00f3n, la convocatoria que determina el comit\u00e9 ejecutivo nacional del sindicato para el cambio de la dirigencia seccional de la XV Hidalgo se dio fuera de tiempo, el periodo de Francisco Sinuh\u00e9 Ram\u00edrez Oviedo, inicio del cuatro de diciembre de 2011 y conclu\u00eda el cuatro de diciembre del 2015, sin embargo, la gesti\u00f3n se extendi\u00f3 quince meses m\u00e1s\u201d, puntualiz\u00f3. <\/p>\n","protected":false},"excerpt":{"rendered":"<p>MOVIMIENTO DE BASES MAGISTERIALES \u00a0\u00a0 \u00a0\u00a0 \u00a0\u2022\u00a0\u00a0 \u00a0Debido a las anomal\u00edas que se vivieron en el proceso, as\u00ed como la violaci\u00f3n a los estatutos establecidos para llevar a cabo dicha asamblea\u2028<\/p>\n","protected":false},"author":93,"featured_media":0,"comment_status":"open","ping_status":"open","sticky":false,"template":"","format":"standard","meta":{"footnotes":""},"categories":[59],"tags":[],"class_list":["post-44133","post","type-post","status-publish","format-standard","hentry","category-general"],"_links":{"self":[{"href":"https:\/\/plazajuarez.mx\/historico\/wp-json\/wp\/v2\/posts\/44133","targetHints":{"allow":["GET"]}}],"collection":[{"href":"https:\/\/plazajuarez.mx\/historico\/wp-json\/wp\/v2\/posts"}],"about":[{"href":"https:\/\/plazajuarez.mx\/historico\/wp-json\/wp\/v2\/types\/post"}],"author":[{"embeddable":true,"href":"https:\/\/plazajuarez.mx\/historico\/wp-json\/wp\/v2\/users\/93"}],"replies":[{"embeddable":true,"href":"https:\/\/plazajuarez.mx\/historico\/wp-json\/wp\/v2\/comments?post=44133"}],"version-history":[{"count":0,"href":"https:\/\/plazajuarez.mx\/historico\/wp-json\/wp\/v2\/posts\/44133\/revisions"}],"wp:attachment":[{"href":"https:\/\/plazajuarez.mx\/historico\/wp-json\/wp\/v2\/media?parent=44133"}],"wp:term":[{"taxonomy":"category","embeddable":true,"href":"https:\/\/plazajuarez.mx\/historico\/wp-json\/wp\/v2\/categories?post=44133"},{"taxonomy":"post_tag","embeddable":true,"href":"https:\/\/plazajuarez.mx\/historico\/wp-json\/wp\/v2\/tags?post=44133"}],"curies":[{"name":"wp","href":"https:\/\/api.w.org\/{rel}","templated":true}]}}