{"id":44132,"date":"2017-07-06T14:11:22","date_gmt":"2017-07-06T14:11:22","guid":{"rendered":"http:\/\/plazajuarez.mx\/index\/index.php\/2017\/07\/06\/alfil-negro-844\/"},"modified":"2017-07-06T14:11:22","modified_gmt":"2017-07-06T14:11:22","slug":"alfil-negro-844","status":"publish","type":"post","link":"https:\/\/plazajuarez.mx\/historico\/alfil-negro-844\/","title":{"rendered":"ALFIL NEGRO"},"content":{"rendered":"<p>OSORIO PARECE FIRME; MURILLO PREPARA<br \/>LA ASAMBLEA NACIONAL DEL PRI Y TIEMBLAN <br \/>LOS QUE YA SE REPARTIAN CARGOS Y CANDIDATURAS<\/p>\n<p>  <!--more-->  <\/p>\n<p>Parece que la candidatura del ex gobernador MIGUEL \u00c1NGEL OSORIO \u00a0para la Presidencia del pa\u00eds por el PRI es cosa seria y cada vez m\u00e1s fuerte, y uno de los signos m\u00e1s luminosos, seg\u00fan lo que se sabe es que quien se encarga de organizar la Asamblea Nacional del PRI, a celebrarse el mes de agosto es el ex gobernador de nuestro estado JES\u00daS MURILLO KARAM, Realmontense y sin duda hombre capaz, dicho en cuestiones pol\u00edticas a quien nadie en su sano juicio le puede regatear capacidad para organizar esta asamblea, que puede significar el futuro de su partido y del pa\u00eds mismo por sus resultados y por las decisiones que se tomen , empezando por el candidato que decidan abanderar y que por lo que se ve, ser\u00e1 don Miguel \u00c1ngel Osorio.<br \/>Don JES\u00daS gobernador de Hidalgo de 1993 a 1998, es considerado como un ide\u00f3logo del priismo nacional y como un hombre de ideas pol\u00edticas serias \u00a0y avanzadas, como una voz respetable en los temas que toca y un tribuno de conceptos fuertes y bien fundamentados al que Porfirio Mu\u00f1oz ledo, otro formidable tribuno de partido contrario al PRI, \u00a0no escatim\u00f3 elogios cuando don Jes\u00fas dej\u00f3 el Senado para ocupar un cargo que el Presidente de la Rep\u00fablica le confiri\u00f3.<br \/>Hace poco dej\u00f3 la Procuradur\u00eda General de la Rep\u00fablica sin dejar de defender su postura en el caso de los 43 estudiantes de Ayotzinapa, su versi\u00f3n pese a todo lo que se ha dicho y las campa\u00f1as que se han llevado a cabo para destrozarla sigue vigente como la \u00fanica que se ha construido con los hechos que se tuvieron a la mano para dar una respuesta cre\u00edble, por la metodolog\u00eda que se sigui\u00f3 y que contra viento y marea se mantiene como valedera.<br \/>EL RETO DE MANTENER EL PODER\u2026<br \/>Si se confirma lo que se ha filtrado como posibilidad en el sentido de que sea MURILLO quien organice la ASAMBLEA PRIISTA, sin duda el partido tricolor habr\u00e1 puesto su destino en manos de un pol\u00edtico sabio, que conoce de esta materia y que tiene la experiencia para llevar al barco tricolor a buen puerto.<br \/>LA LECTURA PARA HIDALGO<br \/>Especial lectura tiene el hecho para nuestro estado, porque parece un adelanto de bienvenida para la candidatura de MIGUEL \u00c1NGEL OSORIO, por cuanto nadie m\u00e1s cercano a don Miguel que MURILLO, por la cercan\u00eda que de hecho mantienen, por paisanaje, y por las encomiendas que han tenido por los encargos que les ha dado el Presidente PE\u00d1A NIETO.<br \/>En este caso, parece que la encomienda ser\u00eda :GANEN LA PRESIDENCIA.<br \/>FREN\u00d3N A LAS AMBICIONES\u2026<br \/>La llegada de MURILLO como el gran orquestador del escenario para la candidatura ser\u00e1 sin duda un fren\u00f3n para quienes en casa ya se reparten puestos y candidaturas rumbo al 2018, simplemente porque \u201cMIGUEL SER\u00c1 EL CANDIDATO Y ES MI AMIGO\u201d en una actitud torpe, que incluso los lleva a menospreciar la autoridad del mismo gobernador.<br \/>Se olvidan que si algo tiene don Miguel es la institucionalidad y el respeto a quien ejerce el poder en nombre del pueblo y que nunca de los nunca va a restar, por darle gusto a grupitos de ambiciosos que ya celebran estos sue\u00f1os de ventajas y de ganancias \u00a0de poder y de dinero.<br \/>MURILLO y OSORIO y el gobernador FAYAD saben de este asunto. Son profesionales de la pol\u00edtica y saben c\u00f3mo jugar este juego de ajedrez. Quienes sue\u00f1an en sorprenderlos \u2026 que sigan so\u00f1ando.<br \/>El despertar a la realidad puede ser amargo.<br \/>Falta muy poco\u2026 Don JES\u00daS \u00a0est\u00e1 en el juego. \u00a0 <br \/>As\u00ed parece\u2026.<\/p>\n","protected":false},"excerpt":{"rendered":"<p>OSORIO PARECE FIRME; MURILLO PREPARALA ASAMBLEA NACIONAL DEL PRI Y TIEMBLAN LOS QUE YA SE REPARTIAN CARGOS Y CANDIDATURAS<\/p>\n","protected":false},"author":93,"featured_media":0,"comment_status":"open","ping_status":"open","sticky":false,"template":"","format":"standard","meta":{"footnotes":""},"categories":[48],"tags":[],"class_list":["post-44132","post","type-post","status-publish","format-standard","hentry","category-adalberto-peralta"],"_links":{"self":[{"href":"https:\/\/plazajuarez.mx\/historico\/wp-json\/wp\/v2\/posts\/44132","targetHints":{"allow":["GET"]}}],"collection":[{"href":"https:\/\/plazajuarez.mx\/historico\/wp-json\/wp\/v2\/posts"}],"about":[{"href":"https:\/\/plazajuarez.mx\/historico\/wp-json\/wp\/v2\/types\/post"}],"author":[{"embeddable":true,"href":"https:\/\/plazajuarez.mx\/historico\/wp-json\/wp\/v2\/users\/93"}],"replies":[{"embeddable":true,"href":"https:\/\/plazajuarez.mx\/historico\/wp-json\/wp\/v2\/comments?post=44132"}],"version-history":[{"count":0,"href":"https:\/\/plazajuarez.mx\/historico\/wp-json\/wp\/v2\/posts\/44132\/revisions"}],"wp:attachment":[{"href":"https:\/\/plazajuarez.mx\/historico\/wp-json\/wp\/v2\/media?parent=44132"}],"wp:term":[{"taxonomy":"category","embeddable":true,"href":"https:\/\/plazajuarez.mx\/historico\/wp-json\/wp\/v2\/categories?post=44132"},{"taxonomy":"post_tag","embeddable":true,"href":"https:\/\/plazajuarez.mx\/historico\/wp-json\/wp\/v2\/tags?post=44132"}],"curies":[{"name":"wp","href":"https:\/\/api.w.org\/{rel}","templated":true}]}}