{"id":44128,"date":"2017-07-06T14:07:57","date_gmt":"2017-07-06T14:07:57","guid":{"rendered":"http:\/\/plazajuarez.mx\/index\/index.php\/2017\/07\/06\/la-parabola-de-javidu\/"},"modified":"2017-07-06T14:07:57","modified_gmt":"2017-07-06T14:07:57","slug":"la-parabola-de-javidu","status":"publish","type":"post","link":"https:\/\/plazajuarez.mx\/historico\/la-parabola-de-javidu\/","title":{"rendered":"La par\u00e1bola de Javid\u00fa"},"content":{"rendered":"<p>Submarino Pol\u00edtico<br \/>&#8220;No se hagan bolas&#8221;, reza otro cl\u00e1sico, Duarte busca en la demencia su justicia de &#8220;puerta giratoria&#8221;<\/p>\n<p>  <!--more-->  <\/p>\n<p>Cuando se trata de circo, la pol\u00edtica siempre tiene un nuevo truco. Ahora es el juicio de extradici\u00f3n de Javier Duarte de Ochoa desde Guatemala a M\u00e9xico para su proceso judicial en nuestro pa\u00eds por el saqueo de las arcas p\u00fablicas veracruzanas y por sus v\u00ednculos con el crimen organizado y lo que se junte. Delitos que pueden alcanzar casi doscientos a\u00f1os de prisi\u00f3n. La firme carpeta de investigaci\u00f3n, (antes conocida en la jerga judicial como averiguaci\u00f3n previa), que dice tener la PGR en contra del ex gobernador debe incluir tambi\u00e9n los casos de los 17 periodistas asesinados y los 3 desaparecidos durante el gobierno de este cachorro del pe\u00f1ismo.<br \/>Hazte a un lado Harrison Ford, que en la audiencia del lunes naci\u00f3 un nuevo &#8220;fugitivo&#8221;, el imputado veracruzano acept\u00f3 su extradici\u00f3n a nuestro pa\u00eds con la firme convicci\u00f3n de demostrar su inocencia. Gracias por las risas. No faltar\u00e1 el servil, digo edil, pri\u00edsta que inscriba la par\u00e1bola de JaviD\u00fa en las escuelas primarias de su municipio: &#8220;Paciencia, prudencia, verbal continencia, dominio de la ciencia y presencia o ausencia seg\u00fan conveniencia&#8221;. <br \/>Ante la escasa coherencia en lo dicho \u00a0por el ex gobernador de Veracruz, al salir de su audiencia en Guatemala, resulta indispensable rescatar otra cita: &#8220;seremos inflexibles en la defensa de las ideas, pero respetuosos en las formas, pues en pol\u00edtica, frecuentemente, la forma es fondo&#8221;, pronunciamiento de Jes\u00fas Reyes Heroles, considerado uno de los ide\u00f3logos del Estado mexicano del siglo pasado. <br \/>\u00bfPor qu\u00e9 vale la pena recordar las palabras de don Jes\u00fas? Porque entonces el ejercicio de la pol\u00edtica conservaba algo de dignidad y pensamiento. Los balbuceos del dinosaurio beb\u00e9 y estandarte del nuevo PRI son efecto de los medicamentos antidepresivos y ansiol\u00edticos que le fueron recetados por un m\u00e9dico. Esto \u00faltimo, la medicaci\u00f3n, fue dada a conocer por el Bufete Vel\u00e1zquez y Asociados en mayo pasado. <br \/>&#8220;No se hagan bolas&#8221;, reza otro cl\u00e1sico, Duarte busca en la demencia su justicia de &#8220;puerta giratoria&#8221;. <br \/>En el radar<br \/>Es cierto que La Jornada tuvo un auge importante en los tiempos del sismo de 1985 en la Ciudad de M\u00e9xico; aport\u00f3 al di\u00e1logo entre las partes durante la huelga del CEU en la UNAM; fue un medio que abri\u00f3 sus p\u00e1ginas al zapatismo; denunci\u00f3 el caso de Lydia Cacho contra el gober precioso de Puebla y desde entonces el PRI no ha vuelto a ganar la gubernatura. La lista de causas sociales donde La Jornada ha jugado un rol importante en la sociedad y sus causas puede ser enorme. Pero algo ha pasado con el diario desde 1997, a\u00f1o en que se convirti\u00f3 boletinero de los gobiernos perredistas en la Ciudad de M\u00e9xico a todos los niveles: central, delegacional y parlamentario. Al principio de manera casi solidaria con Cuauht\u00e9moc C\u00e1rdenas por la embestida medi\u00e1tica a nivel nacional. Despu\u00e9s vinieron los negocios, los viajes, los caprichos y extorsiones para despedir a Pablo Hiriart de la direcci\u00f3n editorial del diario la Raz\u00f3n. Voltaire se lanzar\u00eda al vaci\u00f3 si viera la descomposici\u00f3n y su no reciente origen. Se ha perdido el sentido cr\u00edtico en las portadas, especialmente &#8220;amable&#8221; con las acciones del gobierno federal. El columnista Julio Hern\u00e1ndez se ha convertido en una diva progre y as\u00ed. Un teledeclamador semanal de &#8220;netas&#8221; en cadena nacional, tirador de verdades supremas que su nutrido coro de seguidores aplaude de manera acr\u00edtica. <br \/>Lamentablemente, la crisis y disputa interna en el peri\u00f3dico La Jornada ha alcanzado niveles fratricidas que ya da visos de posibles desenlaces, a pesar del acuerdo para terminar la huelga y la instalaci\u00f3n de una mesa de di\u00e1logo para dirimir las diferencias entre las partes: Uno, el diario desaparece. Y dos, los jornaleros tocan fondo y emprenden un cambio tanto en las relaciones laborales internas; su l\u00ednea editorial, tan necesaria en estos tiempos. Aunque ello signifique la salida de la actual directora editorial. Aunque ello signifique competir con diarios digitales mexicanos m\u00e1s o menos independientes.<br \/>Twitter: @LeoAgusto<\/p>\n","protected":false},"excerpt":{"rendered":"<p>Submarino Pol\u00edtico&#8220;No se hagan bolas&#8221;, reza otro cl\u00e1sico, Duarte busca en la demencia su justicia de &#8220;puerta giratoria&#8221;<\/p>\n","protected":false},"author":93,"featured_media":0,"comment_status":"open","ping_status":"open","sticky":false,"template":"","format":"standard","meta":{"footnotes":""},"categories":[42],"tags":[],"class_list":["post-44128","post","type-post","status-publish","format-standard","hentry","category-nuestrapalabra"],"_links":{"self":[{"href":"https:\/\/plazajuarez.mx\/historico\/wp-json\/wp\/v2\/posts\/44128","targetHints":{"allow":["GET"]}}],"collection":[{"href":"https:\/\/plazajuarez.mx\/historico\/wp-json\/wp\/v2\/posts"}],"about":[{"href":"https:\/\/plazajuarez.mx\/historico\/wp-json\/wp\/v2\/types\/post"}],"author":[{"embeddable":true,"href":"https:\/\/plazajuarez.mx\/historico\/wp-json\/wp\/v2\/users\/93"}],"replies":[{"embeddable":true,"href":"https:\/\/plazajuarez.mx\/historico\/wp-json\/wp\/v2\/comments?post=44128"}],"version-history":[{"count":0,"href":"https:\/\/plazajuarez.mx\/historico\/wp-json\/wp\/v2\/posts\/44128\/revisions"}],"wp:attachment":[{"href":"https:\/\/plazajuarez.mx\/historico\/wp-json\/wp\/v2\/media?parent=44128"}],"wp:term":[{"taxonomy":"category","embeddable":true,"href":"https:\/\/plazajuarez.mx\/historico\/wp-json\/wp\/v2\/categories?post=44128"},{"taxonomy":"post_tag","embeddable":true,"href":"https:\/\/plazajuarez.mx\/historico\/wp-json\/wp\/v2\/tags?post=44128"}],"curies":[{"name":"wp","href":"https:\/\/api.w.org\/{rel}","templated":true}]}}