{"id":44014,"date":"2017-07-04T05:03:37","date_gmt":"2017-07-04T05:03:37","guid":{"rendered":"http:\/\/plazajuarez.mx\/index\/index.php\/2017\/07\/04\/ataca-el-mal-de-los-golondrinos\/"},"modified":"2017-07-04T05:03:37","modified_gmt":"2017-07-04T05:03:37","slug":"ataca-el-mal-de-los-golondrinos","status":"publish","type":"post","link":"https:\/\/plazajuarez.mx\/historico\/ataca-el-mal-de-los-golondrinos\/","title":{"rendered":"Ataca el mal de los golondrinos"},"content":{"rendered":"<p>Vida<br \/>&#8211; Es una enfermedad rara que impacta la vida de miles de personas en el mundo<\/p>\n<p>  <!--more-->  <\/p>\n<p>Las v\u00edctimas de lo que popularmente se conoce como mal de &#8220;golondrinos&#8221; lo son de una enfermedad inmunol\u00f3gica, inflamatoria, cr\u00f3nica y recurrente de la piel y que la ciencia define como Hidradenitis Supurativa.<br \/>Las dermat\u00f3logas Linda Garc\u00eda y Lorena Estrada indican que suele aparecer despu\u00e9s de la pubertad y con lesiones dolorosas, como n\u00f3dulos inflamados o abscesos en las regiones con alta densidad de gl\u00e1ndulas (como las del sudor).<br \/>Se puede localizar en axila, ingle, perin\u00e9, regi\u00f3n ano-perineal y cuero cabelludo, y en los \u00faltimos a\u00f1os ha adquirido una elevada importancia, por la subestimaci\u00f3n de su prevalencia, y por tratarse de un proceso que produce una importante alteraci\u00f3n en las relaciones interpersonales, de autoestima y de percepci\u00f3n de la imagen personal.<br \/>Las secuelas de este padecimiento son depresi\u00f3n, verg\u00fcenza, fatiga, fiebre, y una gran p\u00e9rdida en la calidad de vida.<br \/>As\u00ed comienza el mal. No se sabe a ciencia cierta qu\u00e9 la produce, pero se cree que est\u00e1 relacionado con factores hormonales y gen\u00e9ticos, aunque un estilo de vida poco sano, como tener sobrepeso y el tabaquismo tambi\u00e9n influyen en su aparici\u00f3n.<br \/>Los primeros s\u00edntomas de la enfermedad aparecen entre los 15 y 20 a\u00f1os, apuntan las especialistas y se\u00f1alan que las mujeres tienen m\u00e1s probabilidades de padecerla que los hombres.<br \/>Las se\u00f1ales tienen efecto devastador en la calidad de vida de los pacientes, psicol\u00f3gicamente (verg\u00fcenza o estigma) y f\u00edsicamente (restricci\u00f3n de movimientos, actividades de esparcimiento y de ocio). <br \/>El padecimiento afecta la econom\u00eda, ya que se estima que afecta del 1% al 4% de la poblaci\u00f3n adulta mundial y su tratamiento es costoso.<br \/>Acci\u00f3n de emergencia. Un diagn\u00f3stico oportuno es fundamental, ya que cuando no se detecta a tiempo el paciente puede vivir atormentado m\u00e1s de ocho a\u00f1os por la<br \/>Hidradenitis Supurativa. Es la enfermedad de la piel que m\u00e1s impacta en la vida de los pacientes, porque luego de un brote, las heridas se inflaman y el dolor se vuelve insoportable con cualquier movimiento.<br \/>La vida de los pacientes se deteriora, incluso m\u00e1s que cuando se vive con otras enfermedades de la piel como psoriasis o acn\u00e9 com\u00fan, alerta la presidenta de Fundaci\u00f3n Mexicana para la Dermatolog\u00eda&#8221;, Linda Garc\u00eda.<br \/>Efectos de todo tipo. La Hidradenitis Supurativa no tiene cura, pero con tratamiento adecuado se evita que aumenten los s\u00edntomas.<br \/>&#8220;Contar con m\u00e1s alternativas terap\u00e9uticas como la innovadora mol\u00e9cula de la biofarmac\u00e9utica AbbVie, es una opci\u00f3n&#8221;, dicen las especialistas.<br \/>AbbVie, l\u00edder en inmunolog\u00eda, recibi\u00f3 la aprobaci\u00f3n de la Comisi\u00f3n Federal para la Protecci\u00f3n de Riesgos Sanitarios para pacientes con Hidradenitis Supurativa de moderada a severa.<\/p>\n","protected":false},"excerpt":{"rendered":"<p>Vida&#8211; Es una enfermedad rara que impacta la vida de miles de personas en el mundo<\/p>\n","protected":false},"author":93,"featured_media":0,"comment_status":"open","ping_status":"open","sticky":false,"template":"","format":"standard","meta":{"footnotes":""},"categories":[42],"tags":[],"class_list":["post-44014","post","type-post","status-publish","format-standard","hentry","category-nuestrapalabra"],"_links":{"self":[{"href":"https:\/\/plazajuarez.mx\/historico\/wp-json\/wp\/v2\/posts\/44014","targetHints":{"allow":["GET"]}}],"collection":[{"href":"https:\/\/plazajuarez.mx\/historico\/wp-json\/wp\/v2\/posts"}],"about":[{"href":"https:\/\/plazajuarez.mx\/historico\/wp-json\/wp\/v2\/types\/post"}],"author":[{"embeddable":true,"href":"https:\/\/plazajuarez.mx\/historico\/wp-json\/wp\/v2\/users\/93"}],"replies":[{"embeddable":true,"href":"https:\/\/plazajuarez.mx\/historico\/wp-json\/wp\/v2\/comments?post=44014"}],"version-history":[{"count":0,"href":"https:\/\/plazajuarez.mx\/historico\/wp-json\/wp\/v2\/posts\/44014\/revisions"}],"wp:attachment":[{"href":"https:\/\/plazajuarez.mx\/historico\/wp-json\/wp\/v2\/media?parent=44014"}],"wp:term":[{"taxonomy":"category","embeddable":true,"href":"https:\/\/plazajuarez.mx\/historico\/wp-json\/wp\/v2\/categories?post=44014"},{"taxonomy":"post_tag","embeddable":true,"href":"https:\/\/plazajuarez.mx\/historico\/wp-json\/wp\/v2\/tags?post=44014"}],"curies":[{"name":"wp","href":"https:\/\/api.w.org\/{rel}","templated":true}]}}