{"id":44010,"date":"2017-07-04T04:57:50","date_gmt":"2017-07-04T04:57:50","guid":{"rendered":"http:\/\/plazajuarez.mx\/index\/index.php\/2017\/07\/04\/ciertas-dudas-con-la-administracion-del-delegado-de-san-miguel-vindho\/"},"modified":"2017-07-04T04:57:50","modified_gmt":"2017-07-04T04:57:50","slug":"ciertas-dudas-con-la-administracion-del-delegado-de-san-miguel-vindho","status":"publish","type":"post","link":"https:\/\/plazajuarez.mx\/historico\/ciertas-dudas-con-la-administracion-del-delegado-de-san-miguel-vindho\/","title":{"rendered":"Ciertas dudas con la administraci\u00f3n del delegado de San Miguel Vindh\u00f3"},"content":{"rendered":"<p>Tula de Allende<\/p>\n<p>En Asamblea vecinal abordan el asunto del manejo del pante\u00f3n de la comunidad, donde existen inconformidades por parte de los colonos; ante ello, la Contralor\u00eda Interna Municipal ha iniciado una auditor\u00eda requerida por posibles irregularidades.<\/p>\n<p>  <!--more-->  <\/p>\n<p>A petici\u00f3n de los vecinos, autoridades municipales acudieron a presenciar el desarrollo de la Asamblea Vecinal de la comunidad de San Miguel Vindh\u00f3, donde desahogaron varios puntos.<br \/>Concurrieron en representaci\u00f3n del secretario general municipal, Octavio Maga\u00f1a Soto; el contralor Interno municipal, Emmanuel Chac\u00f3n Estrada; la titular de la Coordinaci\u00f3n Jur\u00eddica del municipio, Ana Laura Neri, la regidora Guadalupe Pe\u00f1a, as\u00ed como Kenya Islas Escamilla de la Comisi\u00f3n de Agua y que funge como Enlace municipal en esa comunidad.<br \/>El pasado domingo, tras la convocatoria emitida por el delegado municipal de San Miguel Vindh\u00f3, se desarroll\u00f3 la junta vecinal donde el delegado present\u00f3 su informe de actividades a cinco meses de ocupar el cargo. <br \/>El delegado, \u00c1ngel Aley Rodr\u00edguez, present\u00f3 lonas impresas con el estado financiero de ingresos y egresos as\u00ed como el historial fotogr\u00e1fico de los eventos efectuados.<br \/>Luego fue nombrado el presidente de debates, un secretario y tres escrutadores, con la finalidad de integrar los nuevos comit\u00e9s de trabajo con el delegado. <br \/>As\u00ed, fueron integrados los comit\u00e9s de Panteones, Fiestas, Deportes y Asistencia con la Presidencia Municipal, cuyos integrantes fueron elegidos por la comunidad ah\u00ed presente.<br \/>En la orden del d\u00eda en el punto de Asuntos Generales, fue abordado el asunto del manejo del pante\u00f3n de la comunidad, donde existen inconformidades por parte de los colonos; ante ello, la Contralor\u00eda Interna Municipal ha iniciado una auditor\u00eda requerida por posibles irregularidades.<br \/>Se inform\u00f3 a la comunidad que contin\u00faa la auditor\u00eda e investigaci\u00f3n en el asunto del pante\u00f3n, y en breve se dar\u00e1 el resultado; es por ello que se acord\u00f3 poner orden en este tema, a trav\u00e9s de la expedici\u00f3n de recibos para cuantificar con precisi\u00f3n y claridad los egresos e ingresos por ese concepto.<br \/>Adem\u00e1s, se recomend\u00f3 a los colonos que a fin de evitar alguna situaci\u00f3n an\u00f3mala, es necesario abrir una cuenta bancaria mancomunada, llevar un libro de egresos e ingresos; un correcto archivo y el acercamiento con Presidencia Municipal para realizar un arqueo de caja. <br \/>\u00a0<br \/>\u00a0<\/p>\n","protected":false},"excerpt":{"rendered":"<p>Tula de Allende En Asamblea vecinal abordan el asunto del manejo del pante\u00f3n de la comunidad, donde existen inconformidades por parte de los colonos; ante ello, la Contralor\u00eda Interna Municipal ha iniciado una auditor\u00eda requerida por posibles irregularidades.<\/p>\n","protected":false},"author":93,"featured_media":0,"comment_status":"open","ping_status":"open","sticky":false,"template":"","format":"standard","meta":{"footnotes":""},"categories":[40],"tags":[],"class_list":["post-44010","post","type-post","status-publish","format-standard","hentry","category-region"],"_links":{"self":[{"href":"https:\/\/plazajuarez.mx\/historico\/wp-json\/wp\/v2\/posts\/44010","targetHints":{"allow":["GET"]}}],"collection":[{"href":"https:\/\/plazajuarez.mx\/historico\/wp-json\/wp\/v2\/posts"}],"about":[{"href":"https:\/\/plazajuarez.mx\/historico\/wp-json\/wp\/v2\/types\/post"}],"author":[{"embeddable":true,"href":"https:\/\/plazajuarez.mx\/historico\/wp-json\/wp\/v2\/users\/93"}],"replies":[{"embeddable":true,"href":"https:\/\/plazajuarez.mx\/historico\/wp-json\/wp\/v2\/comments?post=44010"}],"version-history":[{"count":0,"href":"https:\/\/plazajuarez.mx\/historico\/wp-json\/wp\/v2\/posts\/44010\/revisions"}],"wp:attachment":[{"href":"https:\/\/plazajuarez.mx\/historico\/wp-json\/wp\/v2\/media?parent=44010"}],"wp:term":[{"taxonomy":"category","embeddable":true,"href":"https:\/\/plazajuarez.mx\/historico\/wp-json\/wp\/v2\/categories?post=44010"},{"taxonomy":"post_tag","embeddable":true,"href":"https:\/\/plazajuarez.mx\/historico\/wp-json\/wp\/v2\/tags?post=44010"}],"curies":[{"name":"wp","href":"https:\/\/api.w.org\/{rel}","templated":true}]}}