{"id":44009,"date":"2017-07-04T04:56:51","date_gmt":"2017-07-04T04:56:51","guid":{"rendered":"http:\/\/plazajuarez.mx\/index\/index.php\/2017\/07\/04\/denuncian-presunta-tala-de-arboles\/"},"modified":"2017-07-04T04:56:51","modified_gmt":"2017-07-04T04:56:51","slug":"denuncian-presunta-tala-de-arboles","status":"publish","type":"post","link":"https:\/\/plazajuarez.mx\/historico\/denuncian-presunta-tala-de-arboles\/","title":{"rendered":"Denuncian presunta tala de \u00e1rboles"},"content":{"rendered":"<p>Ixmiquilpan<br \/>\u2022\u00a0\u00a0 \u00a0Las denunciantes son habitantes de comunidades del norte del municipio \u2028<br \/>Ocurre ante la \u201cinoperancia de autoridades municipales y ambientales\u201d<\/p>\n<p>  <!--more-->  <\/p>\n<p>Vecinos de comunidades ubicadas en la zona norte del municipio, denunciaron la presunta tala ilegal de \u00e1rboles, delito que se comete ante la inoperancia de las autoridades municipales y ambientales. <br \/>A trav\u00e9s de diversas fotograf\u00edas proporcionadas para esta denuncia, vecinos de las comunidades de la zona norte de este municipio, expresaron su malestar debido a los da\u00f1os que se est\u00e1n causando al medio ambiente, sin que alguna autoridad intervenga. <br \/>Habitantes de las comunidades de Gundh\u00f3, Cuesta Colorada y Texcadho, \u00e9sta \u00faltima perteneciente al municipio de Nicol\u00e1s Flores, se\u00f1alaron que continuamente circulan carros cargados de madera con direcci\u00f3n hacia Ixmiquilpan.<br \/>Por temor a represalias optaron por omitir su identidad. Sin embargo, indicaron que es constante la vista de los camiones dotados con dicha materia prima bajando sin que la autoridad municipal intervenga, tampoco las delegaciones municipales. <br \/>\u201cNo hemos sido informados por alguna autoridad al respecto, ni siquiera de nuestros delegados; s\u00f3lo vemos como pasan los camiones Dina hasta el tope con la madera, la cual no sabemos de d\u00f3nde la est\u00e1n talando\u201d. <br \/>Su molestia, sostienen los vecinos, es porque ninguna autoridad parece querer ponerle un alto al problema, los delegados no quieren intervenir, pese a que en sus reuniones generales de sus respectivas asambleas generales se ha tomado en consideraci\u00f3n el tema. <br \/>Le han pedido a sus delegados municipales que se haga una revisi\u00f3n de las unidades que transportan madera, si es muerta o son \u00e1rboles verdes, asimismo si cuentan con alg\u00fan permiso para realizar esa actividad, adem\u00e1s que si las autoridades ambientales tienen conocimiento. <br \/>Lamentaron la inoperancia de la Direcci\u00f3n de Ecolog\u00eda municipal, que tambi\u00e9n tiene conocimiento de la situaci\u00f3n que se vive en las comunidades de la zona norte, donde los da\u00f1os ambientales nunca se han atendido. <\/p>\n","protected":false},"excerpt":{"rendered":"<p>Ixmiquilpan\u2022\u00a0\u00a0 \u00a0Las denunciantes son habitantes de comunidades del norte del municipio \u2028Ocurre ante la \u201cinoperancia de autoridades municipales y ambientales\u201d<\/p>\n","protected":false},"author":93,"featured_media":0,"comment_status":"open","ping_status":"open","sticky":false,"template":"","format":"standard","meta":{"footnotes":""},"categories":[40],"tags":[],"class_list":["post-44009","post","type-post","status-publish","format-standard","hentry","category-region"],"_links":{"self":[{"href":"https:\/\/plazajuarez.mx\/historico\/wp-json\/wp\/v2\/posts\/44009","targetHints":{"allow":["GET"]}}],"collection":[{"href":"https:\/\/plazajuarez.mx\/historico\/wp-json\/wp\/v2\/posts"}],"about":[{"href":"https:\/\/plazajuarez.mx\/historico\/wp-json\/wp\/v2\/types\/post"}],"author":[{"embeddable":true,"href":"https:\/\/plazajuarez.mx\/historico\/wp-json\/wp\/v2\/users\/93"}],"replies":[{"embeddable":true,"href":"https:\/\/plazajuarez.mx\/historico\/wp-json\/wp\/v2\/comments?post=44009"}],"version-history":[{"count":0,"href":"https:\/\/plazajuarez.mx\/historico\/wp-json\/wp\/v2\/posts\/44009\/revisions"}],"wp:attachment":[{"href":"https:\/\/plazajuarez.mx\/historico\/wp-json\/wp\/v2\/media?parent=44009"}],"wp:term":[{"taxonomy":"category","embeddable":true,"href":"https:\/\/plazajuarez.mx\/historico\/wp-json\/wp\/v2\/categories?post=44009"},{"taxonomy":"post_tag","embeddable":true,"href":"https:\/\/plazajuarez.mx\/historico\/wp-json\/wp\/v2\/tags?post=44009"}],"curies":[{"name":"wp","href":"https:\/\/api.w.org\/{rel}","templated":true}]}}