{"id":44008,"date":"2017-07-04T04:56:04","date_gmt":"2017-07-04T04:56:04","guid":{"rendered":"http:\/\/plazajuarez.mx\/index\/index.php\/2017\/07\/04\/primero-lo-prioritario-solicitan-al-alcalde\/"},"modified":"2017-07-04T04:56:04","modified_gmt":"2017-07-04T04:56:04","slug":"primero-lo-prioritario-solicitan-al-alcalde","status":"publish","type":"post","link":"https:\/\/plazajuarez.mx\/historico\/primero-lo-prioritario-solicitan-al-alcalde\/","title":{"rendered":"\u201cPrimero\u2026 lo prioritario\u201d, solicitan al Alcalde\u201d"},"content":{"rendered":"<p>Ixmiquilpan<br \/>\u00a0\u00a0 \u00a0\u2022\u00a0\u00a0 \u00a0Frustrada la intenci\u00f3n de adquirir deuda millonaria\u2028<\/p>\n<p>  <!--more-->  <\/p>\n<p>Tras la frustrada intenci\u00f3n del alcalde, Pascual Charrez Pedraza, de adquirir una deuda millonaria para la remodelaci\u00f3n del jard\u00edn principal, la Uni\u00f3n de Tablajeros de Ixmiquilpan, le solicitaron primero tener consideraciones proyectos m\u00e1s b\u00e1sicos. <br \/>Tom\u00e1s Cruz Mart\u00ednez, presidente de la Uni\u00f3n de Tablajeros, que antes de la colocaci\u00f3n de m\u00e1rmol en el jard\u00edn, debe considerarse primero, un estacionamiento subterr\u00e1neo en beneficio de la ciudadan\u00eda que visita el centro del municipio, tambi\u00e9n para los que acuden a realizar sus labores cotidianas en las primeras calles de la ciudad. <br \/>Pero sobretodo, dijo, el Presidente municipal antes de embellecer al centro de la ciudad, debe primero resolver el problema del drenaje pluvial, porque hoy se requiere de un servicio m\u00e1s eficiente que en verdad resuelva la problem\u00e1tica. <br \/>\u201cParticip\u00e9 en la presentaci\u00f3n, nos invit\u00f3 y asistimos por la atenci\u00f3n que tuvo para con nosotros; s\u00ed debe de haber un cambio y que bueno que hay esa visi\u00f3n para ese cambio, pero yo creo que ese cambio debe de ir acompa\u00f1ado de m\u00e1s cosas\u201d. <br \/>El proyecto debe ser, dijo, m\u00e1s ambicioso\u2026 que sea realmente operante, porque actualmente la ciudad en realidad representa un problema serio para el tr\u00e1fico, la falta de estacionamientos y en temporada de lluvias el tema del drenaje que est\u00e1 saturado. <br \/>\u201cDe qu\u00e9 sirve que quede muy bonito y la gente llegue pero en su mayor\u00eda para disfrutarlo; ya no somos una poblaci\u00f3n donde llegaban a caballo o burro, llegamos en carros y camionetas. La petici\u00f3n que se le hizo al presidente es que si va a remodelar el jard\u00edn, debe de ir acompa\u00f1ado de un subterr\u00e1neo (estacionamiento) d\u00f3nde se pueda estacionar la gente para visitar m\u00e1s tranquilamente el centro.\u201d<br \/>Agreg\u00f3 que, como sociedad organizada, aprueban los proyectos que tienen \u00a0el prop\u00f3sito precisamente de mejorar las condiciones de la ciudad, sin embargo de no haber un plan integral, no tendr\u00eda sentido embellecerlo. <\/p>\n","protected":false},"excerpt":{"rendered":"<p>Ixmiquilpan\u00a0\u00a0 \u00a0\u2022\u00a0\u00a0 \u00a0Frustrada la intenci\u00f3n de adquirir deuda millonaria\u2028<\/p>\n","protected":false},"author":93,"featured_media":0,"comment_status":"open","ping_status":"open","sticky":false,"template":"","format":"standard","meta":{"footnotes":""},"categories":[40],"tags":[],"class_list":["post-44008","post","type-post","status-publish","format-standard","hentry","category-region"],"_links":{"self":[{"href":"https:\/\/plazajuarez.mx\/historico\/wp-json\/wp\/v2\/posts\/44008","targetHints":{"allow":["GET"]}}],"collection":[{"href":"https:\/\/plazajuarez.mx\/historico\/wp-json\/wp\/v2\/posts"}],"about":[{"href":"https:\/\/plazajuarez.mx\/historico\/wp-json\/wp\/v2\/types\/post"}],"author":[{"embeddable":true,"href":"https:\/\/plazajuarez.mx\/historico\/wp-json\/wp\/v2\/users\/93"}],"replies":[{"embeddable":true,"href":"https:\/\/plazajuarez.mx\/historico\/wp-json\/wp\/v2\/comments?post=44008"}],"version-history":[{"count":0,"href":"https:\/\/plazajuarez.mx\/historico\/wp-json\/wp\/v2\/posts\/44008\/revisions"}],"wp:attachment":[{"href":"https:\/\/plazajuarez.mx\/historico\/wp-json\/wp\/v2\/media?parent=44008"}],"wp:term":[{"taxonomy":"category","embeddable":true,"href":"https:\/\/plazajuarez.mx\/historico\/wp-json\/wp\/v2\/categories?post=44008"},{"taxonomy":"post_tag","embeddable":true,"href":"https:\/\/plazajuarez.mx\/historico\/wp-json\/wp\/v2\/tags?post=44008"}],"curies":[{"name":"wp","href":"https:\/\/api.w.org\/{rel}","templated":true}]}}