{"id":44005,"date":"2017-07-04T04:51:51","date_gmt":"2017-07-04T04:51:51","guid":{"rendered":"http:\/\/plazajuarez.mx\/index\/index.php\/2017\/07\/04\/futbol-nacional-752\/"},"modified":"2017-07-04T04:51:51","modified_gmt":"2017-07-04T04:51:51","slug":"futbol-nacional-752","status":"publish","type":"post","link":"https:\/\/plazajuarez.mx\/historico\/futbol-nacional-752\/","title":{"rendered":"Futbol Nacional"},"content":{"rendered":"<p>#LIGA MX <br \/>Gargano acusa al t\u00e9cnico de Monterrey de querer &#8220;tocar su dinero&#8221;<br \/>\u00a0\u00a0 \u00a0\u2022\u00a0\u00a0 \u00a0El volante de 32 a\u00f1os, que ha estado entrenando con el equipo Sub-20 de Rayados por no ser considerado en el primer equipo, explic\u00f3 tambi\u00e9n que como parte del &#8220;pacto de caballeros&#8221; del futbol mexicano no ha podido salir a otro club en M\u00e9xico.\u00a0\u2028<br \/>\u00a0<\/p>\n<p>  <!--more-->  <\/p>\n<p>&#8211; El futbolista uruguayo de los Rayados de Monterrey Walter Gargano habl\u00f3 sobre su relaci\u00f3n con el t\u00e9cnico Antonio Mohamed, en una entrevista para radio Sport 890 de Uruguay, y mencion\u00f3 que no quiere seguir en el equipo de Rayados por el comportamiento del entrenador del equipo, quien presuntamente habr\u00eda querido &#8220;tocar su dinero&#8221;.\u00a0\u2028El volante de 32 a\u00f1os, que ha estado entrenando con el equipo Sub-20 de Rayados por no ser considerado en el primer equipo, explic\u00f3 tambi\u00e9n que como parte del &#8220;pacto de caballeros&#8221; del futbol mexicano no ha podido salir a otro club en M\u00e9xico.\u00a0\u2028Expres\u00f3 que Mohamed habr\u00eda querido quedarse con parte de su dinero: &#8220;En M\u00e9xico algunos entrenadores ofician de representantes y se quedan con la torta, pero yo no lo acepto y creo que eso le molest\u00f3 mucho. No me gusta que alguien toque mi dinero, porque me lo gan\u00e9 con sacrificio, humildad y trabajo de muchos a\u00f1os&#8221;, mencion\u00f3.\u2028&#8221;Quisiera tener una soluci\u00f3n para ser una persona estable en alg\u00fan equipo, pero es una tristeza lo que me han hecho aqu\u00ed, no en Rayados, sino el entrenador que se ha portado muy mal a pesar de que le he trabajado al cien dentro y fuera de la cancha. Esto es futbol y uno debe entender que hay negocios de por medio, pero no voy a aceptar este tipo de cosas&#8221;, se\u00f1al\u00f3.\u00a0\u2028Sin querer ahondar en detalles, el jugador explic\u00f3 que en &#8220;el futbol mexicano hay cosas muy raras que se hacen y que tambi\u00e9n se arreglan en otros pa\u00edses, pero que en este caso es muy exagerado porque no solo es un caso sino con varios jugadores&#8221;.\u00a0\u2028Gargano todav\u00eda tiene un a\u00f1o de contrato con Rayados por lo que espera llegar a un acuerdo para poder salir a otro equipo. Aunque desea que sea posible jugar con el Pe\u00f1arol en un futuro pr\u00f3ximo, explic\u00f3 que lo ve muy complicado.<br \/>**<br \/>Televisa supera a TV Azteca en rating del M\u00e9xico vs Alemania<br \/>\u00a0<br \/>Televisa alcanz\u00f3 24.1% de share (porcentaje de televisores encendidos) durante el partido entre M\u00e9xico y Alemania en la Copa Confederaciones, lo que representa 52.5% m\u00e1s que la televisora del Ajusco, seg\u00fan datos de Nielsen-IBope M\u00e9xico.\u00a0\u2028De igual forma, Televisa super\u00f3 con 26.3% en share, lo que representa 57.5% m\u00e1s que su competidor m\u00e1s cercano, durante el M\u00e9xico-Portugal.\u00a0\u2028En partidos previos la televisora encabezada por Azc\u00e1rraga lleg\u00f3 a un 23.3% de share (audiencia) en el partido entre M\u00e9xico y Rusia frente a los 16.5 porcentajes de share de TV Azteca, es decir 41% m\u00e1s que la televisora del Ajusco.\u2028Tambi\u00e9n en el encuentro entre M\u00e9xico y Nueva Zelanda, Televisa super\u00f3 en 46.7% a TV Azteca y registr\u00f3 22.9% de los televisores encendidos en el canal Las Estrellas.<br \/>**<br \/>Antonio Brise\u00f1o deja Tigres para jugar en Portugal<br \/>\u00a0<br \/>A trav\u00e9s de su cuenta de Twitter el defensa mexicano Antonio Brise\u00f1o, hizo oficial su salida de Tigres para viajar al viejo continente y cerrar su contrataci\u00f3n con el Feirense de la Primeira Liga, primera divisi\u00f3n de Portugal.\u00a0\u2028El futbolista de 23 a\u00f1os de edad ser\u00e1 el primer mexicano en firmar con dicho equipo. Brise\u00f1o agradeci\u00f3 al equipo regiomontano por darle la oportunidad de seguir creciendo en su carrera profesional.\u00a0\u2028El &#8220;Pollo&#8221; Brise\u00f1o afirm\u00f3 que desea seguir los mismos pasos de Rafael M\u00e1rquez y espera tener un buen inicio de temporada en la Liga portuguesa.\u00a0\u2028El defensa fue parte del equipo mexicano que logr\u00f3 ser Campe\u00f3n del Mundo en el mundial Sub-17 de la FIFA en 2011. La temporada anterior hab\u00eda jugado en Veracruz, pero no se logr\u00f3 concretar su pase definitivo al equipo de los Tiburones.<\/p>\n","protected":false},"excerpt":{"rendered":"<p>#LIGA MX Gargano acusa al t\u00e9cnico de Monterrey de querer &#8220;tocar su dinero&#8221;\u00a0\u00a0 \u00a0\u2022\u00a0\u00a0 \u00a0El volante de 32 a\u00f1os, que ha estado entrenando con el equipo Sub-20 de Rayados por no ser considerado en el primer equipo, explic\u00f3 tambi\u00e9n que como parte del &#8220;pacto de caballeros&#8221; del futbol mexicano no ha podido salir a otro [&hellip;]<\/p>\n","protected":false},"author":93,"featured_media":0,"comment_status":"open","ping_status":"open","sticky":false,"template":"","format":"standard","meta":{"footnotes":""},"categories":[39],"tags":[],"class_list":["post-44005","post","type-post","status-publish","format-standard","hentry","category-deportiva"],"_links":{"self":[{"href":"https:\/\/plazajuarez.mx\/historico\/wp-json\/wp\/v2\/posts\/44005","targetHints":{"allow":["GET"]}}],"collection":[{"href":"https:\/\/plazajuarez.mx\/historico\/wp-json\/wp\/v2\/posts"}],"about":[{"href":"https:\/\/plazajuarez.mx\/historico\/wp-json\/wp\/v2\/types\/post"}],"author":[{"embeddable":true,"href":"https:\/\/plazajuarez.mx\/historico\/wp-json\/wp\/v2\/users\/93"}],"replies":[{"embeddable":true,"href":"https:\/\/plazajuarez.mx\/historico\/wp-json\/wp\/v2\/comments?post=44005"}],"version-history":[{"count":0,"href":"https:\/\/plazajuarez.mx\/historico\/wp-json\/wp\/v2\/posts\/44005\/revisions"}],"wp:attachment":[{"href":"https:\/\/plazajuarez.mx\/historico\/wp-json\/wp\/v2\/media?parent=44005"}],"wp:term":[{"taxonomy":"category","embeddable":true,"href":"https:\/\/plazajuarez.mx\/historico\/wp-json\/wp\/v2\/categories?post=44005"},{"taxonomy":"post_tag","embeddable":true,"href":"https:\/\/plazajuarez.mx\/historico\/wp-json\/wp\/v2\/tags?post=44005"}],"curies":[{"name":"wp","href":"https:\/\/api.w.org\/{rel}","templated":true}]}}