{"id":43960,"date":"2017-07-03T05:06:09","date_gmt":"2017-07-03T05:06:09","guid":{"rendered":"http:\/\/plazajuarez.mx\/index\/index.php\/2017\/07\/03\/la-comida-de-carlos-salinas-de-gortari\/"},"modified":"2017-07-03T05:06:09","modified_gmt":"2017-07-03T05:06:09","slug":"la-comida-de-carlos-salinas-de-gortari","status":"publish","type":"post","link":"https:\/\/plazajuarez.mx\/historico\/la-comida-de-carlos-salinas-de-gortari\/","title":{"rendered":"La comida de Carlos Salinas de Gortari"},"content":{"rendered":"<p>Bajo Reserva Expr\u00e9s<\/p>\n<p>  <!--more-->  <\/p>\n<p>Nos dicen que la semana pasada tuvo lugar una reuni\u00f3n muy peculiar.<br \/>El gobernador de Campeche, Alejandro Moreno C\u00e1rdenas (PRI) organiz\u00f3 una comida en su casa, con un invitado especial: el ex presidente Carlos Salinas de Gortari.<br \/>Nos explican que Alito, como le dicen de cari\u00f1o sus cercanos al mandatario estatal, convoc\u00f3 a los ex gobernadores de Campeche, Abelardo Carrillo, Jorge Salom\u00f3n Azar, Jos\u00e9 Antonio Gonz\u00e1lez Curi y Jorge Carlos Hurtado.<br \/>Nos recuerdan que los dos primeros coincidieron en la gesti\u00f3n con Salinas de Gortari.<br \/>Nos relatan que la reuni\u00f3n sirvi\u00f3 para recordar algunos pasajes del ex mandatario y quienes convivieron con \u00e9l en su sexenio.<br \/>\u00bfHabr\u00e1n hablado s\u00f3lo de tiempos pasados, o tambi\u00e9n habr\u00e1n estado sobre la mesa algunos del futuro, como el de la pr\u00f3xima Asamblea del PRI o de la designaci\u00f3n del candidato pri\u00edsta a la Presidencia?<br \/>\u00a0<\/p>\n","protected":false},"excerpt":{"rendered":"<p>Bajo Reserva Expr\u00e9s<\/p>\n","protected":false},"author":93,"featured_media":0,"comment_status":"open","ping_status":"open","sticky":false,"template":"","format":"standard","meta":{"footnotes":""},"categories":[42],"tags":[],"class_list":["post-43960","post","type-post","status-publish","format-standard","hentry","category-nuestrapalabra"],"_links":{"self":[{"href":"https:\/\/plazajuarez.mx\/historico\/wp-json\/wp\/v2\/posts\/43960","targetHints":{"allow":["GET"]}}],"collection":[{"href":"https:\/\/plazajuarez.mx\/historico\/wp-json\/wp\/v2\/posts"}],"about":[{"href":"https:\/\/plazajuarez.mx\/historico\/wp-json\/wp\/v2\/types\/post"}],"author":[{"embeddable":true,"href":"https:\/\/plazajuarez.mx\/historico\/wp-json\/wp\/v2\/users\/93"}],"replies":[{"embeddable":true,"href":"https:\/\/plazajuarez.mx\/historico\/wp-json\/wp\/v2\/comments?post=43960"}],"version-history":[{"count":0,"href":"https:\/\/plazajuarez.mx\/historico\/wp-json\/wp\/v2\/posts\/43960\/revisions"}],"wp:attachment":[{"href":"https:\/\/plazajuarez.mx\/historico\/wp-json\/wp\/v2\/media?parent=43960"}],"wp:term":[{"taxonomy":"category","embeddable":true,"href":"https:\/\/plazajuarez.mx\/historico\/wp-json\/wp\/v2\/categories?post=43960"},{"taxonomy":"post_tag","embeddable":true,"href":"https:\/\/plazajuarez.mx\/historico\/wp-json\/wp\/v2\/tags?post=43960"}],"curies":[{"name":"wp","href":"https:\/\/api.w.org\/{rel}","templated":true}]}}